{"id":627,"date":"2021-04-17T17:33:42","date_gmt":"2021-04-17T15:33:42","guid":{"rendered":"https:\/\/combonianilimone.it\/?p=627"},"modified":"2021-04-17T17:33:42","modified_gmt":"2021-04-17T15:33:42","slug":"sono-proprio-io","status":"publish","type":"post","link":"https:\/\/combonianilimone.it\/?p=627","title":{"rendered":"Sono proprio io"},"content":{"rendered":"<p><strong>Lucas: 24,35-48\u00a0\u00a0\u00a0\u00a0 III Dom. Pasqua\u00a0 Anno B<br \/>\n<\/strong>In questa scena che Luca ci narra, soltanto Ges\u00f9 <strong><u>agisce e parla<\/u><\/strong>: saluta, domanda, mostra le mani e i piedi, mangia davanti ai discepoli. Questi invece sono silenziosi, fermi tranne quando offrono a Ges\u00f9 una porzione di pesce. Di loro sono descritti i <strong><u>sentimenti<\/u><\/strong>: lo sconcerto, la paura, il turbamento, il dubbio, lo stupore, l\u2019incredulit\u00e0 e la gioia. Luca descrive tutti questi sentimenti per sottolineare la difficolt\u00e0 dei discepoli nel credere nel risorto. Questa presentazione negativa di coloro che di l\u00ec a poco dovranno dare testimonianza con la propria vita, dimostra che i discepoli non possono essere stati gli \u201c<em>inventori<\/em>\u201d della Risurrezione di Ges\u00f9. Il vangelo di oggi ci assicura che l\u2019esperienza del Risorto non \u00e8 una fantasia, un\u2019allucinazione o un\u2019illusione collettiva: ci racconta invece l\u2019esperienza concreta e reale che i primi discepoli hanno vissuto.<br \/>\nLa sera del primo giorno della settimana, i due discepoli di Emmaus sono ritornati a Gerusalemme per raccontare agli altri discepoli il loro incontro con il Risorto, di come li aveva accompagnati lungo il cammino e come lo hanno riconosciuto allo spezzare del pane. I discepoli di Gerusalemme a sua volta raccontano loro come il Signore era apparso a Pietro.<br \/>\nIn questa condivisione, Ges\u00f9 appare in mezzo a loro, donando la pace (non si dice che sia venuto da altrove, ma era gi\u00e0 l\u00ec in modo <em>invisibile<\/em>). Quando la Chiesa racconta e celebra Ges\u00f9, Lui appare. I discepoli si spaventano e non lo riconoscono: pensano di vedere un <strong>fantasma<\/strong>. Non riescono a credere. Cos\u00ec succede anche a noi, quando pensiamo che il Vangelo (o l\u2019Eucarestia) non sia altro che parole astratte, lontane dalla nostra vita, impossibili da vivere, troppo esigenti. Le nostre preoccupazioni, le nostre paure e angosce non ci permettono di sperimentarlo e ce lo rendono come un fantasma.<br \/>\nPer aiutare a superare lo spavento e l\u2019incredulit\u00e0, Ges\u00f9 mostra loro le <strong>mani e i piedi<\/strong> (<em>non chiede di guardare il suo volto<\/em>), dicendo: \u201c<strong><em>Sono proprio io<\/em><\/strong>\u201d e invita i discepoli a toccarlo, affinch\u00e9 capiscano che la risurrezione implica tutta la persona, anima e corpo. Le ferite della passione sono ormai segni visibili\u00a0\u00a0 dell\u2019<strong><em>identit\u00e0 e continuit\u00e0 fra il Ges\u00f9 storico e il Cristo risorto. <\/em><\/strong>Il Risorto \u00e8 il Crocifisso.<br \/>\nLe ferite del suo corpo ci ricordano le realt\u00e0 di dolore e del male ancora presenti in questo mondo: i poveri, i malati, i carcerati, i rifugiati, i colpiti dalle disgrazie e violenze, i paesi in guerra (e l\u2019elenco pu\u00f2 continuare a lungo). Essi non sono fantasmi di cui aver paura, ma sono il corpo ferito di Ges\u00f9 che attende di essere \u201c<em>toccato<\/em>\u201d per risorgere.<br \/>\nPer convincerli maggiormente che non \u00e8 un fantasma, Ges\u00f9 chiede qualcosa da mangiare e mangia davanti a loro una porzione di pesce arrostito. Il fatto di vederlo mangiare \u00e8 la prova che li convincer\u00e0 e permetter\u00e0 a Pietro di affermare: \u201c<strong><em>Noi abbiamo mangiato e bevuto con lui dopo la sua risurrezione<\/em><\/strong>\u201d (Atti 10,41).<br \/>\nCristo non \u00e8 un\u2019idea, non \u00e8 uno spirito, non \u00e8 astratto o impalpabile, ma ha carne e ossa. I discepoli lo incontrano con i loro sensi: vedendolo, toccandolo, ascoltandolo, mangiando con lui.<br \/>\nLuca insiste molto sulla fisicit\u00e0 corporea di Ges\u00f9 risorto, perch\u00e9 la sua comunit\u00e0 d\u2019origine greca faceva fatica ad accettare il discorso sulla risurrezione dei corpi. Il mondo greco immaginava che, dopo la morte, avvenisse la separazione dello spirito o anima (che continuava a vivere) dal corpo. Basti ricordare S. Paolo ad Atene quando parla della risurrezione di Ges\u00f9, gli abitanti (greci) \u201c<strong><em>quando sentirono parlare di risurrezione dai morti, alcuni lo deridevano, altri dissero: Ti ascolteremo su questo un&#8217;altra volta<\/em><\/strong>\u201d (Atti 17, 32). Luca presenta Ges\u00f9 in \u201c<em>carne e ossa<\/em>\u201d sebbene gi\u00e0 vive nella condizione divina, la quale non annulla la fisicit\u00e0, la persona, ma la trasfigura.<\/p>\n<p>Nella <strong><u>1\u00b0 lettura<\/u><\/strong> Pietro, per portare i suoi uditori alla fede, afferma che, dopo la risurrezione, l\u2019ignoranza delle Scritture si converte in colpa, in accusa.\u00a0 La nostra fede spesso \u00e8 debole e vacillante perch\u00e9 non conosciamo la Bibbia: ci lamentiamo che Dio \u00e8 lontano, che non ci parla, che non abbiamo avuto la fortuna dei primi discepoli di poter incontrare personalmente il Risorto, e poi ignoriamo la meravigliosa storia d\u2019amore scritta in 73 libri che Dio ha autografato e regalato a ciascuno di noi. Ogni volta che apriamo una pagina della Bibbia \u00e8 Dio stesso che ci parla.<br \/>\nLa chiave di lettura per capire le Scritture \u00e8 Ges\u00f9 stesso che ha realizzato il progetto del Padre secondo ci\u00f2 che \u00e8 scritto \u201c<strong><em>nella legge di Mos\u00e8, nei Profeti e nei Salmi<\/em><\/strong>\u201d. Progetto\/missione che Ges\u00f9 affida ai suoi discepoli (oggi a noi) dicendo: \u201c<strong><em>Di questo voi siete testimoni<\/em><\/strong>\u201d.<br \/>\nI primi discepoli ci hanno testimoniato che Cristo \u00e8 vivo e risorto. Quindi oggi non basta \u201c<strong>sapere<\/strong>\u201d o professare questa verit\u00e0, ma \u00e8 fondamentale sperimentare la sua presenza nella nostra vita. Come? Innanzitutto guardare e \u201c<em>toccare<\/em>\u201d le nostre ferite, le nostre fragilit\u00e0 e debolezze e quelle dei bisognosi e impoveriti del mondo per scoprire come Dio agisce attraverso di esse, e\u00a0 proprio l\u00ec essere riconosciuto e accolto. Inoltre sperimentarlo attraverso la sua Parola: abbiamo bisogno di comprendere il vangelo e la Bibbia, perch\u00e9 \u201c<strong><em>L&#8217;ignoranza delle Scritture \u00e8 ignoranza di Cristo<\/em><\/strong>\u201d (Girolamo)\u201d;<br \/>\n\u201c<strong><em>\u00c8 Cristo che io cerco nei libri<\/em><\/strong>\u201d (Agostino); \u201c<strong><em>Cristo \u00e8 il Vangelo<\/em><\/strong>\u201d (Amalario di Metz).<br \/>\nInfine annunciare la risurrezione di Cristo, mostrando agli uomini le <em>nostre mani<\/em> e i <em>nostri piedi<\/em> segnati da opere di amore.<br \/>\n<img loading=\"lazy\" decoding=\"async\" class=\"alignnone  wp-image-629\" src=\"https:\/\/combonianilimone.it\/wp-content\/uploads\/2021\/04\/foto2.png\" alt=\"\" width=\"205\" height=\"144\" \/><\/p>\n<p>Autori consultati: Armellini, Maggi, Farinella, Rosini, Chasseur, Garcia e altri.<\/p>\n","protected":false},"excerpt":{"rendered":"<p>Lucas: 24,35-48\u00a0\u00a0\u00a0\u00a0 III Dom. Pasqua\u00a0 Anno B In questa scena che Luca ci narra, soltanto Ges\u00f9 agisce e parla: saluta, domanda, mostra le mani e i piedi, mangia davanti ai discepoli. Questi invece sono silenziosi, fermi tranne quando offrono a Ges\u00f9 una porzione di pesce. Di loro sono descritti i sentimenti: lo sconcerto, la paura, [&hellip;]<\/p>\n","protected":false},"author":4,"featured_media":630,"comment_status":"open","ping_status":"open","sticky":false,"template":"","format":"standard","meta":{"_et_pb_use_builder":"","_et_pb_old_content":"","_et_gb_content_width":"","footnotes":""},"categories":[5,4],"tags":[],"class_list":["post-627","post","type-post","status-publish","format-standard","has-post-thumbnail","hentry","category-attualita","category-riflessioni"],"yoast_head":"<!-- This site is optimized with the Yoast SEO plugin v23.2 - https:\/\/yoast.com\/wordpress\/plugins\/seo\/ -->\n<title>Sono proprio io - Comboniani Limone sul Garda<\/title>\n<meta name=\"robots\" content=\"index, follow, max-snippet:-1, max-image-preview:large, max-video-preview:-1\" \/>\n<link rel=\"canonical\" href=\"https:\/\/combonianilimone.it\/?p=627\" \/>\n<meta property=\"og:locale\" content=\"it_IT\" \/>\n<meta property=\"og:type\" content=\"article\" \/>\n<meta property=\"og:title\" content=\"Sono proprio io - Comboniani Limone sul Garda\" \/>\n<meta property=\"og:description\" content=\"Lucas: 24,35-48\u00a0\u00a0\u00a0\u00a0 III Dom. Pasqua\u00a0 Anno B In questa scena che Luca ci narra, soltanto Ges\u00f9 agisce e parla: saluta, domanda, mostra le mani e i piedi, mangia davanti ai discepoli. Questi invece sono silenziosi, fermi tranne quando offrono a Ges\u00f9 una porzione di pesce. Di loro sono descritti i sentimenti: lo sconcerto, la paura, [&hellip;]\" \/>\n<meta property=\"og:url\" content=\"https:\/\/combonianilimone.it\/?p=627\" \/>\n<meta property=\"og:site_name\" content=\"Comboniani Limone sul Garda\" \/>\n<meta property=\"article:publisher\" content=\"https:\/\/www.facebook.com\/Missionari-Comboniani-Limone-sul-Garda-106606688030170\/\" \/>\n<meta property=\"article:published_time\" content=\"2021-04-17T15:33:42+00:00\" \/>\n<meta property=\"og:image\" content=\"https:\/\/combonianilimone.it\/wp-content\/uploads\/2021\/04\/foto3.png\" \/>\n\t<meta property=\"og:image:width\" content=\"500\" \/>\n\t<meta property=\"og:image:height\" content=\"245\" \/>\n\t<meta property=\"og:image:type\" content=\"image\/png\" \/>\n<meta name=\"author\" content=\"Leonardo Battaglia\" \/>\n<meta name=\"twitter:card\" content=\"summary_large_image\" \/>\n<meta name=\"twitter:label1\" content=\"Scritto da\" \/>\n\t<meta name=\"twitter:data1\" content=\"Leonardo Battaglia\" \/>\n\t<meta name=\"twitter:label2\" content=\"Tempo di lettura stimato\" \/>\n\t<meta name=\"twitter:data2\" content=\"5 minuti\" \/>\n<script type=\"application\/ld+json\" class=\"yoast-schema-graph\">{\"@context\":\"https:\/\/schema.org\",\"@graph\":[{\"@type\":\"Article\",\"@id\":\"https:\/\/combonianilimone.it\/?p=627#article\",\"isPartOf\":{\"@id\":\"https:\/\/combonianilimone.it\/?p=627\"},\"author\":{\"name\":\"Leonardo Battaglia\",\"@id\":\"https:\/\/combonianilimone.it\/#\/schema\/person\/f10d64d201af271304d90366a929c8a3\"},\"headline\":\"Sono proprio io\",\"datePublished\":\"2021-04-17T15:33:42+00:00\",\"dateModified\":\"2021-04-17T15:33:42+00:00\",\"mainEntityOfPage\":{\"@id\":\"https:\/\/combonianilimone.it\/?p=627\"},\"wordCount\":905,\"commentCount\":0,\"publisher\":{\"@id\":\"https:\/\/combonianilimone.it\/#organization\"},\"image\":{\"@id\":\"https:\/\/combonianilimone.it\/?p=627#primaryimage\"},\"thumbnailUrl\":\"https:\/\/combonianilimone.it\/wp-content\/uploads\/2021\/04\/foto3.png\",\"articleSection\":[\"attualit\u00e0\",\"riflessioni\"],\"inLanguage\":\"it-IT\",\"potentialAction\":[{\"@type\":\"CommentAction\",\"name\":\"Comment\",\"target\":[\"https:\/\/combonianilimone.it\/?p=627#respond\"]}]},{\"@type\":\"WebPage\",\"@id\":\"https:\/\/combonianilimone.it\/?p=627\",\"url\":\"https:\/\/combonianilimone.it\/?p=627\",\"name\":\"Sono proprio io - Comboniani Limone sul Garda\",\"isPartOf\":{\"@id\":\"https:\/\/combonianilimone.it\/#website\"},\"primaryImageOfPage\":{\"@id\":\"https:\/\/combonianilimone.it\/?p=627#primaryimage\"},\"image\":{\"@id\":\"https:\/\/combonianilimone.it\/?p=627#primaryimage\"},\"thumbnailUrl\":\"https:\/\/combonianilimone.it\/wp-content\/uploads\/2021\/04\/foto3.png\",\"datePublished\":\"2021-04-17T15:33:42+00:00\",\"dateModified\":\"2021-04-17T15:33:42+00:00\",\"breadcrumb\":{\"@id\":\"https:\/\/combonianilimone.it\/?p=627#breadcrumb\"},\"inLanguage\":\"it-IT\",\"potentialAction\":[{\"@type\":\"ReadAction\",\"target\":[\"https:\/\/combonianilimone.it\/?p=627\"]}]},{\"@type\":\"ImageObject\",\"inLanguage\":\"it-IT\",\"@id\":\"https:\/\/combonianilimone.it\/?p=627#primaryimage\",\"url\":\"https:\/\/combonianilimone.it\/wp-content\/uploads\/2021\/04\/foto3.png\",\"contentUrl\":\"https:\/\/combonianilimone.it\/wp-content\/uploads\/2021\/04\/foto3.png\",\"width\":500,\"height\":245},{\"@type\":\"BreadcrumbList\",\"@id\":\"https:\/\/combonianilimone.it\/?p=627#breadcrumb\",\"itemListElement\":[{\"@type\":\"ListItem\",\"position\":1,\"name\":\"Home\",\"item\":\"https:\/\/combonianilimone.it\/\"},{\"@type\":\"ListItem\",\"position\":2,\"name\":\"Sono proprio io\"}]},{\"@type\":\"WebSite\",\"@id\":\"https:\/\/combonianilimone.it\/#website\",\"url\":\"https:\/\/combonianilimone.it\/\",\"name\":\"Comboniani Limone sul Garda\",\"description\":\"Casa Natale di San Daniele Comboni\",\"publisher\":{\"@id\":\"https:\/\/combonianilimone.it\/#organization\"},\"potentialAction\":[{\"@type\":\"SearchAction\",\"target\":{\"@type\":\"EntryPoint\",\"urlTemplate\":\"https:\/\/combonianilimone.it\/?s={search_term_string}\"},\"query-input\":\"required name=search_term_string\"}],\"inLanguage\":\"it-IT\"},{\"@type\":\"Organization\",\"@id\":\"https:\/\/combonianilimone.it\/#organization\",\"name\":\"Missionari Comboniani Limone\",\"url\":\"https:\/\/combonianilimone.it\/\",\"logo\":{\"@type\":\"ImageObject\",\"inLanguage\":\"it-IT\",\"@id\":\"https:\/\/combonianilimone.it\/#\/schema\/logo\/image\/\",\"url\":\"https:\/\/combonianilimone.it\/wp-content\/uploads\/2020\/12\/cropped-logo-LImone-2.png\",\"contentUrl\":\"https:\/\/combonianilimone.it\/wp-content\/uploads\/2020\/12\/cropped-logo-LImone-2.png\",\"width\":512,\"height\":512,\"caption\":\"Missionari Comboniani Limone\"},\"image\":{\"@id\":\"https:\/\/combonianilimone.it\/#\/schema\/logo\/image\/\"},\"sameAs\":[\"https:\/\/www.facebook.com\/Missionari-Comboniani-Limone-sul-Garda-106606688030170\/\"]},{\"@type\":\"Person\",\"@id\":\"https:\/\/combonianilimone.it\/#\/schema\/person\/f10d64d201af271304d90366a929c8a3\",\"name\":\"Leonardo Battaglia\",\"image\":{\"@type\":\"ImageObject\",\"inLanguage\":\"it-IT\",\"@id\":\"https:\/\/combonianilimone.it\/#\/schema\/person\/image\/\",\"url\":\"https:\/\/secure.gravatar.com\/avatar\/779cbc3f8e347242d61c59321cedaba58fc1ab2b49c7ee3a52d50497f41249f1?s=96&d=mm&r=g\",\"contentUrl\":\"https:\/\/secure.gravatar.com\/avatar\/779cbc3f8e347242d61c59321cedaba58fc1ab2b49c7ee3a52d50497f41249f1?s=96&d=mm&r=g\",\"caption\":\"Leonardo Battaglia\"},\"url\":\"https:\/\/combonianilimone.it\/?author=4\"}]}<\/script>\n<!-- \/ Yoast SEO plugin. -->","yoast_head_json":{"title":"Sono proprio io - Comboniani Limone sul Garda","robots":{"index":"index","follow":"follow","max-snippet":"max-snippet:-1","max-image-preview":"max-image-preview:large","max-video-preview":"max-video-preview:-1"},"canonical":"https:\/\/combonianilimone.it\/?p=627","og_locale":"it_IT","og_type":"article","og_title":"Sono proprio io - Comboniani Limone sul Garda","og_description":"Lucas: 24,35-48\u00a0\u00a0\u00a0\u00a0 III Dom. Pasqua\u00a0 Anno B In questa scena che Luca ci narra, soltanto Ges\u00f9 agisce e parla: saluta, domanda, mostra le mani e i piedi, mangia davanti ai discepoli. Questi invece sono silenziosi, fermi tranne quando offrono a Ges\u00f9 una porzione di pesce. Di loro sono descritti i sentimenti: lo sconcerto, la paura, [&hellip;]","og_url":"https:\/\/combonianilimone.it\/?p=627","og_site_name":"Comboniani Limone sul Garda","article_publisher":"https:\/\/www.facebook.com\/Missionari-Comboniani-Limone-sul-Garda-106606688030170\/","article_published_time":"2021-04-17T15:33:42+00:00","og_image":[{"width":500,"height":245,"url":"https:\/\/combonianilimone.it\/wp-content\/uploads\/2021\/04\/foto3.png","type":"image\/png"}],"author":"Leonardo Battaglia","twitter_card":"summary_large_image","twitter_misc":{"Scritto da":"Leonardo Battaglia","Tempo di lettura stimato":"5 minuti"},"schema":{"@context":"https:\/\/schema.org","@graph":[{"@type":"Article","@id":"https:\/\/combonianilimone.it\/?p=627#article","isPartOf":{"@id":"https:\/\/combonianilimone.it\/?p=627"},"author":{"name":"Leonardo Battaglia","@id":"https:\/\/combonianilimone.it\/#\/schema\/person\/f10d64d201af271304d90366a929c8a3"},"headline":"Sono proprio io","datePublished":"2021-04-17T15:33:42+00:00","dateModified":"2021-04-17T15:33:42+00:00","mainEntityOfPage":{"@id":"https:\/\/combonianilimone.it\/?p=627"},"wordCount":905,"commentCount":0,"publisher":{"@id":"https:\/\/combonianilimone.it\/#organization"},"image":{"@id":"https:\/\/combonianilimone.it\/?p=627#primaryimage"},"thumbnailUrl":"https:\/\/combonianilimone.it\/wp-content\/uploads\/2021\/04\/foto3.png","articleSection":["attualit\u00e0","riflessioni"],"inLanguage":"it-IT","potentialAction":[{"@type":"CommentAction","name":"Comment","target":["https:\/\/combonianilimone.it\/?p=627#respond"]}]},{"@type":"WebPage","@id":"https:\/\/combonianilimone.it\/?p=627","url":"https:\/\/combonianilimone.it\/?p=627","name":"Sono proprio io - Comboniani Limone sul Garda","isPartOf":{"@id":"https:\/\/combonianilimone.it\/#website"},"primaryImageOfPage":{"@id":"https:\/\/combonianilimone.it\/?p=627#primaryimage"},"image":{"@id":"https:\/\/combonianilimone.it\/?p=627#primaryimage"},"thumbnailUrl":"https:\/\/combonianilimone.it\/wp-content\/uploads\/2021\/04\/foto3.png","datePublished":"2021-04-17T15:33:42+00:00","dateModified":"2021-04-17T15:33:42+00:00","breadcrumb":{"@id":"https:\/\/combonianilimone.it\/?p=627#breadcrumb"},"inLanguage":"it-IT","potentialAction":[{"@type":"ReadAction","target":["https:\/\/combonianilimone.it\/?p=627"]}]},{"@type":"ImageObject","inLanguage":"it-IT","@id":"https:\/\/combonianilimone.it\/?p=627#primaryimage","url":"https:\/\/combonianilimone.it\/wp-content\/uploads\/2021\/04\/foto3.png","contentUrl":"https:\/\/combonianilimone.it\/wp-content\/uploads\/2021\/04\/foto3.png","width":500,"height":245},{"@type":"BreadcrumbList","@id":"https:\/\/combonianilimone.it\/?p=627#breadcrumb","itemListElement":[{"@type":"ListItem","position":1,"name":"Home","item":"https:\/\/combonianilimone.it\/"},{"@type":"ListItem","position":2,"name":"Sono proprio io"}]},{"@type":"WebSite","@id":"https:\/\/combonianilimone.it\/#website","url":"https:\/\/combonianilimone.it\/","name":"Comboniani Limone sul Garda","description":"Casa Natale di San Daniele Comboni","publisher":{"@id":"https:\/\/combonianilimone.it\/#organization"},"potentialAction":[{"@type":"SearchAction","target":{"@type":"EntryPoint","urlTemplate":"https:\/\/combonianilimone.it\/?s={search_term_string}"},"query-input":"required name=search_term_string"}],"inLanguage":"it-IT"},{"@type":"Organization","@id":"https:\/\/combonianilimone.it\/#organization","name":"Missionari Comboniani Limone","url":"https:\/\/combonianilimone.it\/","logo":{"@type":"ImageObject","inLanguage":"it-IT","@id":"https:\/\/combonianilimone.it\/#\/schema\/logo\/image\/","url":"https:\/\/combonianilimone.it\/wp-content\/uploads\/2020\/12\/cropped-logo-LImone-2.png","contentUrl":"https:\/\/combonianilimone.it\/wp-content\/uploads\/2020\/12\/cropped-logo-LImone-2.png","width":512,"height":512,"caption":"Missionari Comboniani Limone"},"image":{"@id":"https:\/\/combonianilimone.it\/#\/schema\/logo\/image\/"},"sameAs":["https:\/\/www.facebook.com\/Missionari-Comboniani-Limone-sul-Garda-106606688030170\/"]},{"@type":"Person","@id":"https:\/\/combonianilimone.it\/#\/schema\/person\/f10d64d201af271304d90366a929c8a3","name":"Leonardo Battaglia","image":{"@type":"ImageObject","inLanguage":"it-IT","@id":"https:\/\/combonianilimone.it\/#\/schema\/person\/image\/","url":"https:\/\/secure.gravatar.com\/avatar\/779cbc3f8e347242d61c59321cedaba58fc1ab2b49c7ee3a52d50497f41249f1?s=96&d=mm&r=g","contentUrl":"https:\/\/secure.gravatar.com\/avatar\/779cbc3f8e347242d61c59321cedaba58fc1ab2b49c7ee3a52d50497f41249f1?s=96&d=mm&r=g","caption":"Leonardo Battaglia"},"url":"https:\/\/combonianilimone.it\/?author=4"}]}},"_links":{"self":[{"href":"https:\/\/combonianilimone.it\/index.php?rest_route=\/wp\/v2\/posts\/627","targetHints":{"allow":["GET"]}}],"collection":[{"href":"https:\/\/combonianilimone.it\/index.php?rest_route=\/wp\/v2\/posts"}],"about":[{"href":"https:\/\/combonianilimone.it\/index.php?rest_route=\/wp\/v2\/types\/post"}],"author":[{"embeddable":true,"href":"https:\/\/combonianilimone.it\/index.php?rest_route=\/wp\/v2\/users\/4"}],"replies":[{"embeddable":true,"href":"https:\/\/combonianilimone.it\/index.php?rest_route=%2Fwp%2Fv2%2Fcomments&post=627"}],"version-history":[{"count":3,"href":"https:\/\/combonianilimone.it\/index.php?rest_route=\/wp\/v2\/posts\/627\/revisions"}],"predecessor-version":[{"id":633,"href":"https:\/\/combonianilimone.it\/index.php?rest_route=\/wp\/v2\/posts\/627\/revisions\/633"}],"wp:featuredmedia":[{"embeddable":true,"href":"https:\/\/combonianilimone.it\/index.php?rest_route=\/wp\/v2\/media\/630"}],"wp:attachment":[{"href":"https:\/\/combonianilimone.it\/index.php?rest_route=%2Fwp%2Fv2%2Fmedia&parent=627"}],"wp:term":[{"taxonomy":"category","embeddable":true,"href":"https:\/\/combonianilimone.it\/index.php?rest_route=%2Fwp%2Fv2%2Fcategories&post=627"},{"taxonomy":"post_tag","embeddable":true,"href":"https:\/\/combonianilimone.it\/index.php?rest_route=%2Fwp%2Fv2%2Ftags&post=627"}],"curies":[{"name":"wp","href":"https:\/\/api.w.org\/{rel}","templated":true}]}}