{"id":1914,"date":"2026-09-05T18:08:54","date_gmt":"2026-09-05T16:08:54","guid":{"rendered":"https:\/\/combonianilimone.it\/?p=1914"},"modified":"2026-09-05T18:08:54","modified_gmt":"2026-09-05T16:08:54","slug":"commento-al-vangelo-di-domenica-6-settembre-2026-xxiii-anno-a","status":"publish","type":"post","link":"https:\/\/combonianilimone.it\/?p=1914","title":{"rendered":"Commento al vangelo di domenica 6 settembre 2026 &#8211; XXIII Anno A"},"content":{"rendered":"<p>Domenica 6 settembre 2026 \u2013 XXIII \/ A<\/p>\n<p>Nella seconda lettura di oggi San Paolo fa un&#8217;affermazione singolare. \u201cNon abbiate alcun debito vicendevole se non quello dell&#8217;amore\u201d. In altre parole, egli dice, che quando si tratta di amore noi siamo sempre in un&#8217;unica posizione: quella di debitori e mai di creditori. La cosa da un lato ci dice che non abbiamo mai fatto abbastanza per ringraziare coloro che ci amano e che comunque non dobbiamo mai nutrire l&#8217;aspettativa che siano gli altri a doverci qualcosa. D&#8217;altro lato essa mette in luce il fatto ancora pi\u00f9 sconcertante che nemmeno verso coloro che ci offendono o ci odiano o che comunque non ci amano dobbiamo nutrire attese di restituzione o di rivendicazione quasi fossimo loro creditori.<\/p>\n<p>Anzi, forse proprio verso di loro, abbiamo un debito particolare di amore che \u00e8 al centro del messaggio della Parola di oggi e che prende il nome di correzione fraterna. Essa \u00e8 un debito speciale di amore perch\u00e9, mentre qualunque altra opera di misericordia si riferisce a un aspetto o ad una situazione particolare della vita, la correzione fraterna chiama in gioco la salvezza di tutta intera la persona che la riceve.<\/p>\n<p>Qualora, dunque, uno abbia delle buone ragioni per correggere un\u2019altra persona, questi deve ricordare che non sta esercitando alcun diritto su di essa ma soltanto un debito: quello di aiutarlo. Al punto che nel libro di Ezechiele Dio mette in guardia il profeta con una severa ammonizione. Se tu non senti il dovere di correggere qualcuno che abbia fatto il male, dice Dio, questi morir\u00e0 per il suo male, ma anche tu morirai per la tua negligenza.<\/p>\n<p>Ges\u00f9 dal canto suo, riprendendo il discorso della correzione fraterna, d\u00e0 ai discepoli indicazioni precise sulla modalit\u00e0 da seguire per assolvere a questo debito particolare di amore. Egli sottolinea innanzitutto due cose. La prima \u00e8 il fatto che non basta provare una sola volta a correggere il fratello per poi arrendersi se questi non cambia. Occorre invece insistere e utilizzare pi\u00f9 strade. La seconda \u00e8 che lo scopo della correzione non \u00e8 punire, rivendicare e in un certo senso nemmeno imporre un cambio nel fratello. Si tratta, dice Ges\u00f9 nel Vangelo, semplicemente di guadagnarlo, cio\u00e8 di agire in maniera tale che egli si possa mantenere il pi\u00f9 possibile nella comunione con noi.<\/p>\n<p>Per far questo dunque, prosegue Ges\u00f9, occorre innanzitutto ammonire personalmente chi fa il male, faccia a faccia, da soli. Questo significa senza dirlo a nessuno altro. \u00c8 ovvio che spesso accade il contrario. Si racconta a tutti il male compiuto da un altro e magari nessuno si preoccupa di ammonirlo personalmente. Se poi il fratello si intestardisce e non ascolta la correzione ricevuta occorre prendere sul serio il suo diritto a discutere torti e ragioni sulla base di un terzo giudice e quindi coinvolgere qualcun altro competente nella disputa.<\/p>\n<p>Se infine non si trova ancora la soluzione si porta la questione dinanzi alla comunit\u00e0, che non \u00e8 l&#8217;equivalente di un tribunale civile, ma il sacramento della nostra comune vocazione a vivere nella comunione dell&#8217;amore di Cristo e dello Spirito Santo. \u00c8 ovvio, a questo punto, che chi rifiuta quest&#8217;ultima mediazione divina si pone lui stesso ai margini della comunione, quasi tornasse ad essere un pagano o un pubblicano, uno cio\u00e8 che non ha ancora conosciuto questa chiamata a salvezza. E la salvezza appunto non si realizza individualmente ma in comunione. \u00c8 a partire dalle esigenze di questa comunione, conclude Ges\u00f9, che la chiesa lega o scioglie su questa terra in nome di Dio. Ed \u00e8 a partire da questa comunione che due o tre, concordi nel pregare, possono fiduciosamente rimettere al padre ogni loro bisogno.<\/p>\n","protected":false},"excerpt":{"rendered":"<p>Domenica 6 settembre 2026 \u2013 XXIII \/ A Nella seconda lettura di oggi San Paolo fa un&#8217;affermazione singolare. \u201cNon abbiate alcun debito vicendevole se non quello dell&#8217;amore\u201d. In altre parole, egli dice, che quando si tratta di amore noi siamo sempre in un&#8217;unica posizione: quella di debitori e mai di creditori. La cosa da un [&hellip;]<\/p>\n","protected":false},"author":5,"featured_media":1915,"comment_status":"open","ping_status":"open","sticky":false,"template":"","format":"standard","meta":{"_et_pb_use_builder":"","_et_pb_old_content":"","_et_gb_content_width":"","footnotes":""},"categories":[5],"tags":[],"class_list":["post-1914","post","type-post","status-publish","format-standard","has-post-thumbnail","hentry","category-attualita"],"yoast_head":"<!-- This site is optimized with the Yoast SEO plugin v23.2 - https:\/\/yoast.com\/wordpress\/plugins\/seo\/ -->\n<title>Commento al vangelo di domenica 6 settembre 2026 - XXIII Anno A - Comboniani Limone sul Garda<\/title>\n<meta name=\"robots\" content=\"index, follow, max-snippet:-1, max-image-preview:large, max-video-preview:-1\" \/>\n<link rel=\"canonical\" href=\"https:\/\/combonianilimone.it\/?p=1914\" \/>\n<meta property=\"og:locale\" content=\"it_IT\" \/>\n<meta property=\"og:type\" content=\"article\" \/>\n<meta property=\"og:title\" content=\"Commento al vangelo di domenica 6 settembre 2026 - XXIII Anno A - Comboniani Limone sul Garda\" \/>\n<meta property=\"og:description\" content=\"Domenica 6 settembre 2026 \u2013 XXIII \/ A Nella seconda lettura di oggi San Paolo fa un&#8217;affermazione singolare. \u201cNon abbiate alcun debito vicendevole se non quello dell&#8217;amore\u201d. In altre parole, egli dice, che quando si tratta di amore noi siamo sempre in un&#8217;unica posizione: quella di debitori e mai di creditori. La cosa da un [&hellip;]\" \/>\n<meta property=\"og:url\" content=\"https:\/\/combonianilimone.it\/?p=1914\" \/>\n<meta property=\"og:site_name\" content=\"Comboniani Limone sul Garda\" \/>\n<meta property=\"article:publisher\" content=\"https:\/\/www.facebook.com\/Missionari-Comboniani-Limone-sul-Garda-106606688030170\/\" \/>\n<meta property=\"article:published_time\" content=\"2026-09-05T16:08:54+00:00\" \/>\n<meta property=\"og:image\" content=\"https:\/\/combonianilimone.it\/wp-content\/uploads\/2026\/09\/OIP-5.webp\" \/>\n\t<meta property=\"og:image:width\" content=\"345\" \/>\n\t<meta property=\"og:image:height\" content=\"234\" \/>\n\t<meta property=\"og:image:type\" content=\"image\/webp\" \/>\n<meta name=\"author\" content=\"vincenzo\" \/>\n<meta name=\"twitter:card\" content=\"summary_large_image\" \/>\n<meta name=\"twitter:label1\" content=\"Scritto da\" \/>\n\t<meta name=\"twitter:data1\" content=\"vincenzo\" \/>\n\t<meta name=\"twitter:label2\" content=\"Tempo di lettura stimato\" \/>\n\t<meta name=\"twitter:data2\" content=\"4 minuti\" \/>\n<script type=\"application\/ld+json\" class=\"yoast-schema-graph\">{\"@context\":\"https:\/\/schema.org\",\"@graph\":[{\"@type\":\"Article\",\"@id\":\"https:\/\/combonianilimone.it\/?p=1914#article\",\"isPartOf\":{\"@id\":\"https:\/\/combonianilimone.it\/?p=1914\"},\"author\":{\"name\":\"vincenzo\",\"@id\":\"https:\/\/combonianilimone.it\/#\/schema\/person\/d89eb5936e9953ecd0256775a9f52dcf\"},\"headline\":\"Commento al vangelo di domenica 6 settembre 2026 &#8211; XXIII Anno A\",\"datePublished\":\"2026-09-05T16:08:54+00:00\",\"dateModified\":\"2026-09-05T16:08:54+00:00\",\"mainEntityOfPage\":{\"@id\":\"https:\/\/combonianilimone.it\/?p=1914\"},\"wordCount\":607,\"commentCount\":0,\"publisher\":{\"@id\":\"https:\/\/combonianilimone.it\/#organization\"},\"image\":{\"@id\":\"https:\/\/combonianilimone.it\/?p=1914#primaryimage\"},\"thumbnailUrl\":\"https:\/\/combonianilimone.it\/wp-content\/uploads\/2026\/09\/OIP-5.webp\",\"articleSection\":[\"attualit\u00e0\"],\"inLanguage\":\"it-IT\",\"potentialAction\":[{\"@type\":\"CommentAction\",\"name\":\"Comment\",\"target\":[\"https:\/\/combonianilimone.it\/?p=1914#respond\"]}]},{\"@type\":\"WebPage\",\"@id\":\"https:\/\/combonianilimone.it\/?p=1914\",\"url\":\"https:\/\/combonianilimone.it\/?p=1914\",\"name\":\"Commento al vangelo di domenica 6 settembre 2026 - XXIII Anno A - Comboniani Limone sul Garda\",\"isPartOf\":{\"@id\":\"https:\/\/combonianilimone.it\/#website\"},\"primaryImageOfPage\":{\"@id\":\"https:\/\/combonianilimone.it\/?p=1914#primaryimage\"},\"image\":{\"@id\":\"https:\/\/combonianilimone.it\/?p=1914#primaryimage\"},\"thumbnailUrl\":\"https:\/\/combonianilimone.it\/wp-content\/uploads\/2026\/09\/OIP-5.webp\",\"datePublished\":\"2026-09-05T16:08:54+00:00\",\"dateModified\":\"2026-09-05T16:08:54+00:00\",\"breadcrumb\":{\"@id\":\"https:\/\/combonianilimone.it\/?p=1914#breadcrumb\"},\"inLanguage\":\"it-IT\",\"potentialAction\":[{\"@type\":\"ReadAction\",\"target\":[\"https:\/\/combonianilimone.it\/?p=1914\"]}]},{\"@type\":\"ImageObject\",\"inLanguage\":\"it-IT\",\"@id\":\"https:\/\/combonianilimone.it\/?p=1914#primaryimage\",\"url\":\"https:\/\/combonianilimone.it\/wp-content\/uploads\/2026\/09\/OIP-5.webp\",\"contentUrl\":\"https:\/\/combonianilimone.it\/wp-content\/uploads\/2026\/09\/OIP-5.webp\",\"width\":345,\"height\":234},{\"@type\":\"BreadcrumbList\",\"@id\":\"https:\/\/combonianilimone.it\/?p=1914#breadcrumb\",\"itemListElement\":[{\"@type\":\"ListItem\",\"position\":1,\"name\":\"Home\",\"item\":\"https:\/\/combonianilimone.it\/\"},{\"@type\":\"ListItem\",\"position\":2,\"name\":\"Commento al vangelo di domenica 6 settembre 2026 &#8211; XXIII Anno A\"}]},{\"@type\":\"WebSite\",\"@id\":\"https:\/\/combonianilimone.it\/#website\",\"url\":\"https:\/\/combonianilimone.it\/\",\"name\":\"Comboniani Limone sul Garda\",\"description\":\"Casa Natale di San Daniele Comboni\",\"publisher\":{\"@id\":\"https:\/\/combonianilimone.it\/#organization\"},\"potentialAction\":[{\"@type\":\"SearchAction\",\"target\":{\"@type\":\"EntryPoint\",\"urlTemplate\":\"https:\/\/combonianilimone.it\/?s={search_term_string}\"},\"query-input\":\"required name=search_term_string\"}],\"inLanguage\":\"it-IT\"},{\"@type\":\"Organization\",\"@id\":\"https:\/\/combonianilimone.it\/#organization\",\"name\":\"Missionari Comboniani Limone\",\"url\":\"https:\/\/combonianilimone.it\/\",\"logo\":{\"@type\":\"ImageObject\",\"inLanguage\":\"it-IT\",\"@id\":\"https:\/\/combonianilimone.it\/#\/schema\/logo\/image\/\",\"url\":\"https:\/\/combonianilimone.it\/wp-content\/uploads\/2020\/12\/cropped-logo-LImone-2.png\",\"contentUrl\":\"https:\/\/combonianilimone.it\/wp-content\/uploads\/2020\/12\/cropped-logo-LImone-2.png\",\"width\":512,\"height\":512,\"caption\":\"Missionari Comboniani Limone\"},\"image\":{\"@id\":\"https:\/\/combonianilimone.it\/#\/schema\/logo\/image\/\"},\"sameAs\":[\"https:\/\/www.facebook.com\/Missionari-Comboniani-Limone-sul-Garda-106606688030170\/\"]},{\"@type\":\"Person\",\"@id\":\"https:\/\/combonianilimone.it\/#\/schema\/person\/d89eb5936e9953ecd0256775a9f52dcf\",\"name\":\"vincenzo\",\"image\":{\"@type\":\"ImageObject\",\"inLanguage\":\"it-IT\",\"@id\":\"https:\/\/combonianilimone.it\/#\/schema\/person\/image\/\",\"url\":\"https:\/\/secure.gravatar.com\/avatar\/5cd1d9850ee512b5ebdc4dc6a9c60397c80a1e26a2cd617be7a41fce656a6eb8?s=96&d=mm&r=g\",\"contentUrl\":\"https:\/\/secure.gravatar.com\/avatar\/5cd1d9850ee512b5ebdc4dc6a9c60397c80a1e26a2cd617be7a41fce656a6eb8?s=96&d=mm&r=g\",\"caption\":\"vincenzo\"},\"url\":\"https:\/\/combonianilimone.it\/?author=5\"}]}<\/script>\n<!-- \/ Yoast SEO plugin. -->","yoast_head_json":{"title":"Commento al vangelo di domenica 6 settembre 2026 - XXIII Anno A - Comboniani Limone sul Garda","robots":{"index":"index","follow":"follow","max-snippet":"max-snippet:-1","max-image-preview":"max-image-preview:large","max-video-preview":"max-video-preview:-1"},"canonical":"https:\/\/combonianilimone.it\/?p=1914","og_locale":"it_IT","og_type":"article","og_title":"Commento al vangelo di domenica 6 settembre 2026 - XXIII Anno A - Comboniani Limone sul Garda","og_description":"Domenica 6 settembre 2026 \u2013 XXIII \/ A Nella seconda lettura di oggi San Paolo fa un&#8217;affermazione singolare. \u201cNon abbiate alcun debito vicendevole se non quello dell&#8217;amore\u201d. In altre parole, egli dice, che quando si tratta di amore noi siamo sempre in un&#8217;unica posizione: quella di debitori e mai di creditori. La cosa da un [&hellip;]","og_url":"https:\/\/combonianilimone.it\/?p=1914","og_site_name":"Comboniani Limone sul Garda","article_publisher":"https:\/\/www.facebook.com\/Missionari-Comboniani-Limone-sul-Garda-106606688030170\/","article_published_time":"2026-09-05T16:08:54+00:00","og_image":[{"width":345,"height":234,"url":"https:\/\/combonianilimone.it\/wp-content\/uploads\/2026\/09\/OIP-5.webp","type":"image\/webp"}],"author":"vincenzo","twitter_card":"summary_large_image","twitter_misc":{"Scritto da":"vincenzo","Tempo di lettura stimato":"4 minuti"},"schema":{"@context":"https:\/\/schema.org","@graph":[{"@type":"Article","@id":"https:\/\/combonianilimone.it\/?p=1914#article","isPartOf":{"@id":"https:\/\/combonianilimone.it\/?p=1914"},"author":{"name":"vincenzo","@id":"https:\/\/combonianilimone.it\/#\/schema\/person\/d89eb5936e9953ecd0256775a9f52dcf"},"headline":"Commento al vangelo di domenica 6 settembre 2026 &#8211; XXIII Anno A","datePublished":"2026-09-05T16:08:54+00:00","dateModified":"2026-09-05T16:08:54+00:00","mainEntityOfPage":{"@id":"https:\/\/combonianilimone.it\/?p=1914"},"wordCount":607,"commentCount":0,"publisher":{"@id":"https:\/\/combonianilimone.it\/#organization"},"image":{"@id":"https:\/\/combonianilimone.it\/?p=1914#primaryimage"},"thumbnailUrl":"https:\/\/combonianilimone.it\/wp-content\/uploads\/2026\/09\/OIP-5.webp","articleSection":["attualit\u00e0"],"inLanguage":"it-IT","potentialAction":[{"@type":"CommentAction","name":"Comment","target":["https:\/\/combonianilimone.it\/?p=1914#respond"]}]},{"@type":"WebPage","@id":"https:\/\/combonianilimone.it\/?p=1914","url":"https:\/\/combonianilimone.it\/?p=1914","name":"Commento al vangelo di domenica 6 settembre 2026 - XXIII Anno A - Comboniani Limone sul Garda","isPartOf":{"@id":"https:\/\/combonianilimone.it\/#website"},"primaryImageOfPage":{"@id":"https:\/\/combonianilimone.it\/?p=1914#primaryimage"},"image":{"@id":"https:\/\/combonianilimone.it\/?p=1914#primaryimage"},"thumbnailUrl":"https:\/\/combonianilimone.it\/wp-content\/uploads\/2026\/09\/OIP-5.webp","datePublished":"2026-09-05T16:08:54+00:00","dateModified":"2026-09-05T16:08:54+00:00","breadcrumb":{"@id":"https:\/\/combonianilimone.it\/?p=1914#breadcrumb"},"inLanguage":"it-IT","potentialAction":[{"@type":"ReadAction","target":["https:\/\/combonianilimone.it\/?p=1914"]}]},{"@type":"ImageObject","inLanguage":"it-IT","@id":"https:\/\/combonianilimone.it\/?p=1914#primaryimage","url":"https:\/\/combonianilimone.it\/wp-content\/uploads\/2026\/09\/OIP-5.webp","contentUrl":"https:\/\/combonianilimone.it\/wp-content\/uploads\/2026\/09\/OIP-5.webp","width":345,"height":234},{"@type":"BreadcrumbList","@id":"https:\/\/combonianilimone.it\/?p=1914#breadcrumb","itemListElement":[{"@type":"ListItem","position":1,"name":"Home","item":"https:\/\/combonianilimone.it\/"},{"@type":"ListItem","position":2,"name":"Commento al vangelo di domenica 6 settembre 2026 &#8211; XXIII Anno A"}]},{"@type":"WebSite","@id":"https:\/\/combonianilimone.it\/#website","url":"https:\/\/combonianilimone.it\/","name":"Comboniani Limone sul Garda","description":"Casa Natale di San Daniele Comboni","publisher":{"@id":"https:\/\/combonianilimone.it\/#organization"},"potentialAction":[{"@type":"SearchAction","target":{"@type":"EntryPoint","urlTemplate":"https:\/\/combonianilimone.it\/?s={search_term_string}"},"query-input":"required name=search_term_string"}],"inLanguage":"it-IT"},{"@type":"Organization","@id":"https:\/\/combonianilimone.it\/#organization","name":"Missionari Comboniani Limone","url":"https:\/\/combonianilimone.it\/","logo":{"@type":"ImageObject","inLanguage":"it-IT","@id":"https:\/\/combonianilimone.it\/#\/schema\/logo\/image\/","url":"https:\/\/combonianilimone.it\/wp-content\/uploads\/2020\/12\/cropped-logo-LImone-2.png","contentUrl":"https:\/\/combonianilimone.it\/wp-content\/uploads\/2020\/12\/cropped-logo-LImone-2.png","width":512,"height":512,"caption":"Missionari Comboniani Limone"},"image":{"@id":"https:\/\/combonianilimone.it\/#\/schema\/logo\/image\/"},"sameAs":["https:\/\/www.facebook.com\/Missionari-Comboniani-Limone-sul-Garda-106606688030170\/"]},{"@type":"Person","@id":"https:\/\/combonianilimone.it\/#\/schema\/person\/d89eb5936e9953ecd0256775a9f52dcf","name":"vincenzo","image":{"@type":"ImageObject","inLanguage":"it-IT","@id":"https:\/\/combonianilimone.it\/#\/schema\/person\/image\/","url":"https:\/\/secure.gravatar.com\/avatar\/5cd1d9850ee512b5ebdc4dc6a9c60397c80a1e26a2cd617be7a41fce656a6eb8?s=96&d=mm&r=g","contentUrl":"https:\/\/secure.gravatar.com\/avatar\/5cd1d9850ee512b5ebdc4dc6a9c60397c80a1e26a2cd617be7a41fce656a6eb8?s=96&d=mm&r=g","caption":"vincenzo"},"url":"https:\/\/combonianilimone.it\/?author=5"}]}},"_links":{"self":[{"href":"https:\/\/combonianilimone.it\/index.php?rest_route=\/wp\/v2\/posts\/1914","targetHints":{"allow":["GET"]}}],"collection":[{"href":"https:\/\/combonianilimone.it\/index.php?rest_route=\/wp\/v2\/posts"}],"about":[{"href":"https:\/\/combonianilimone.it\/index.php?rest_route=\/wp\/v2\/types\/post"}],"author":[{"embeddable":true,"href":"https:\/\/combonianilimone.it\/index.php?rest_route=\/wp\/v2\/users\/5"}],"replies":[{"embeddable":true,"href":"https:\/\/combonianilimone.it\/index.php?rest_route=%2Fwp%2Fv2%2Fcomments&post=1914"}],"version-history":[{"count":1,"href":"https:\/\/combonianilimone.it\/index.php?rest_route=\/wp\/v2\/posts\/1914\/revisions"}],"predecessor-version":[{"id":1916,"href":"https:\/\/combonianilimone.it\/index.php?rest_route=\/wp\/v2\/posts\/1914\/revisions\/1916"}],"wp:featuredmedia":[{"embeddable":true,"href":"https:\/\/combonianilimone.it\/index.php?rest_route=\/wp\/v2\/media\/1915"}],"wp:attachment":[{"href":"https:\/\/combonianilimone.it\/index.php?rest_route=%2Fwp%2Fv2%2Fmedia&parent=1914"}],"wp:term":[{"taxonomy":"category","embeddable":true,"href":"https:\/\/combonianilimone.it\/index.php?rest_route=%2Fwp%2Fv2%2Fcategories&post=1914"},{"taxonomy":"post_tag","embeddable":true,"href":"https:\/\/combonianilimone.it\/index.php?rest_route=%2Fwp%2Fv2%2Ftags&post=1914"}],"curies":[{"name":"wp","href":"https:\/\/api.w.org\/{rel}","templated":true}]}}