{"id":1816,"date":"2026-03-14T09:32:05","date_gmt":"2026-03-14T08:32:05","guid":{"rendered":"https:\/\/combonianilimone.it\/?p=1816"},"modified":"2026-03-14T09:32:05","modified_gmt":"2026-03-14T08:32:05","slug":"commento-al-vangelo-di-domenica-15-marzo-2026-iv-quaresima-a","status":"publish","type":"post","link":"https:\/\/combonianilimone.it\/?p=1816","title":{"rendered":"Commento al vangelo di domenica 15 marzo 2026 &#8211; IV quaresima A"},"content":{"rendered":"<p><strong>15 marzo 2026 &#8211; IV domenica di Quaresima \/ A<\/strong><\/p>\n<p>\u201cTu che dormi, scrive San Paolo, risorgi dai morti e Cristo ti illuminer\u00e0\u201d. La Pasqua \u00e8 l&#8217;invito a fare questo passaggio dalla tenebra alla luce. Voi eravate tenebra ed ecco siete luce nel Signore, continua San Paolo. E nel Signore portiamo i frutti della luce che sono ogni bont\u00e0, cio\u00e8 la trasformazione del cuore, ogni giustizia, cio\u00e8 la capacit\u00e0 di compiere opere che danno gloria a Dio ed ogni verit\u00e0, non solo la verit\u00e0 nelle parole ma soprattutto la verit\u00e0 nelle relazioni, cio\u00e8 la fiducia, l&#8217;autenticit\u00e0, la semplicit\u00e0. La condizione, ricorda San Paolo, perch\u00e9 questi frutti della luce si manifestino in noi \u00e8 che impariamo a portare alla luce tutto ci\u00f2 che non \u00e8 luce. Cristo, infatti, illumina tutto ci\u00f2 che \u00e8 ancora ambiguo nell\u2019uomo non per condannare ma per guarire.<\/p>\n<p>La difficolt\u00e0 nasce dal fatto che per portare alla luce ci\u00f2 che non \u00e8 luce occorre vincere quella naturale resistenza che ci porta invece a negare, a minimizzare, a giustificare e quindi a nascondere ai nostri stessi occhi il nostro male. Essere peccatori, infatti, non significa necessariamente essere dei criminali. Di fatto potremmo anche essere delle persone perbene come i vari protagonisti del Vangelo di oggi. Essere peccatori significa essere affetti fin dalla nascita da una cecit\u00e0 del cuore che ci porta ad aggiustare la realt\u00e0 alle nostre ragioni piuttosto che il contrario. Nel vangelo i discepoli, la gente che conosceva il cieco nato prima e dopo la guarigione, i suoi genitori, tutti si interrogano e fanno fatica a conciliare le loro ragioni e il loro modo di vedere con quello che accade nella realt\u00e0. Per questo, conclude San Paolo, occorre imparare a discernere continuamente la volont\u00e0 di Dio e combattere la facile tentazione di fidarsi semplicemente di noi stessi nelle scelte della vita.<\/p>\n<p>La storia di Samuele \u00e8 illuminante in questo senso. Bench\u00e9 profeta quando si trova davanti al primogenito di Jesse si illude di aver riconosciuto la volont\u00e0 di Dio e dice ad alta voce: sicuramente questo l&#8217;unto del Signore. Dio allora deve ricordargli che l&#8217;uomo vede solo l&#8217;apparenza mentre rimane cieco rispetto a molte cose che riguardano il cuore delle persone e il destino delle circostanze. Dio, quindi, lascia che Samuele passi in rassegna inutilmente tutti i figli di Iesse. Umilia il profeta finch\u00e9 questi non ricomincia a cercare la volont\u00e0 di Dio, facendo delle domande ed evitando di decidere qualsiasi cosa finch\u00e9 Davide non ritorni. Quando ha osservato tutto ci\u00f2 che c\u2019\u00e8 nella realt\u00e0, solo allora Samuele riceve luce da Dio e passa dal suo modo di vedere al modo di vedere di Dio.<\/p>\n<p>Tutti siamo chiamati a passare dalla tenebra alla luce lasciandoci illuminare dalla presenza del risorto nella nostra vita. Tutti tendiamo a resistere a questo passaggio come i protagonisti del Vangelo e in particolare i farisei che non riescono a riconoscere il loro bisogno di luce. Sono dominati da un orgoglio cos\u00ec impastato con le loro certezze e abitudini mentali da impedire loro di desiderare qualsiasi illuminazione. Voi dite che ci vedete. Ebbene, dice Ges\u00f9, \u00e8 proprio questa la vostra cecit\u00e0. Ed \u00e8 per questo che il vostro peccato rimane, la vostra religiosit\u00e0 non vi cambia profondamente. Il passaggio alla luce esige il coraggio di quella umilt\u00e0 che ti rende capace di imparare da tutti e da tutto. Perch\u00e9 la luce ci raggiunge da dove non ce lo aspettiamo. Giustamente i farisei provocavano il cieco nato: come puoi tu insegnare a noi.<\/p>\n<p>Eppure, la guarigione dell&#8217;intelligenza e del nostro sguardo sulla realt\u00e0 esige proprio l\u2019umilt\u00e0 di lasciarsi illuminare da ci\u00f2 che siamo tentati di disprezzare o anche solo di ignorare. Per arrivare dove non sai devi passare per dove non sai, scrive San Giovanni della Croce. Per arrivare a vedere l&#8217;amore di Dio nella tua vita, per acquisire uno sguardo nuovo sulla realt\u00e0, per portare frutti di bont\u00e0, di giustizia e di verit\u00e0, c&#8217;\u00e8 un percorso al buio da compiere che implica una certa umiliazione della propria intelligenza, una relativizzazione umiliante delle proprie certezze e ragioni. In fondo ci\u00f2 che ha messo il cieco nato in ricerca \u00e8 stata proprio un&#8217;umiliazione accolta con fede. Il fango posto sui suoi occhi e l&#8217;invito ad andare a lavarsi la piscina di Siloe, senza alcuna spiegazione senza alcuna promessa, inizialmente non potevano che mettere in evidenza il suo male e umiliarlo. \u00c8 possibile che il cieco abbia sentito rabbia, dolore, vergogna di fronte al gesto che Ges\u00f9 compie su di lui ma questo non gli ha impedito di mettersi in cammino e cercare a tentoni la piscina, di cercare, cio\u00e8, nella realt\u00e0 oscura che lo circondava una possibilit\u00e0 di vita nuova, non subito evidente.<\/p>\n<p>Questa sua umile ricerca alla fine lo liberer\u00e0 non solo dalla cecit\u00e0, ma anche dalla mendicanza e dalla paura. Alla fine, in effetti, il cieco nato \u00e8 l&#8217;unico che ha il coraggio di essere fino in fondo s\u00e9 stesso. Gli altri pensano che il suo cambio sia falso, che stia fingendo. Eppure, gli insulti dei farisei e l&#8217;abbandono dei genitori non lo turbano pi\u00f9 di tanto. Il suo cuore umiliato \u00e8 ora forte abbastanza per cercare in tutto la volont\u00e0 di Dio e vivere il passaggio pieno dalle tenebre alla luce.<\/p>\n","protected":false},"excerpt":{"rendered":"<p>15 marzo 2026 &#8211; IV domenica di Quaresima \/ A \u201cTu che dormi, scrive San Paolo, risorgi dai morti e Cristo ti illuminer\u00e0\u201d. La Pasqua \u00e8 l&#8217;invito a fare questo passaggio dalla tenebra alla luce. Voi eravate tenebra ed ecco siete luce nel Signore, continua San Paolo. E nel Signore portiamo i frutti della luce [&hellip;]<\/p>\n","protected":false},"author":5,"featured_media":1817,"comment_status":"open","ping_status":"open","sticky":false,"template":"","format":"standard","meta":{"_et_pb_use_builder":"","_et_pb_old_content":"","_et_gb_content_width":"","footnotes":""},"categories":[5],"tags":[],"class_list":["post-1816","post","type-post","status-publish","format-standard","has-post-thumbnail","hentry","category-attualita"],"yoast_head":"<!-- This site is optimized with the Yoast SEO plugin v23.2 - https:\/\/yoast.com\/wordpress\/plugins\/seo\/ -->\n<title>Commento al vangelo di domenica 15 marzo 2026 - IV quaresima A - Comboniani Limone sul Garda<\/title>\n<meta name=\"robots\" content=\"index, follow, max-snippet:-1, max-image-preview:large, max-video-preview:-1\" \/>\n<link rel=\"canonical\" href=\"https:\/\/combonianilimone.it\/?p=1816\" \/>\n<meta property=\"og:locale\" content=\"it_IT\" \/>\n<meta property=\"og:type\" content=\"article\" \/>\n<meta property=\"og:title\" content=\"Commento al vangelo di domenica 15 marzo 2026 - IV quaresima A - Comboniani Limone sul Garda\" \/>\n<meta property=\"og:description\" content=\"15 marzo 2026 &#8211; IV domenica di Quaresima \/ A \u201cTu che dormi, scrive San Paolo, risorgi dai morti e Cristo ti illuminer\u00e0\u201d. La Pasqua \u00e8 l&#8217;invito a fare questo passaggio dalla tenebra alla luce. Voi eravate tenebra ed ecco siete luce nel Signore, continua San Paolo. E nel Signore portiamo i frutti della luce [&hellip;]\" \/>\n<meta property=\"og:url\" content=\"https:\/\/combonianilimone.it\/?p=1816\" \/>\n<meta property=\"og:site_name\" content=\"Comboniani Limone sul Garda\" \/>\n<meta property=\"article:publisher\" content=\"https:\/\/www.facebook.com\/Missionari-Comboniani-Limone-sul-Garda-106606688030170\/\" \/>\n<meta property=\"article:published_time\" content=\"2026-03-14T08:32:05+00:00\" \/>\n<meta property=\"og:image\" content=\"https:\/\/combonianilimone.it\/wp-content\/uploads\/2026\/03\/COPERTINA-SITO-2.jpg\" \/>\n\t<meta property=\"og:image:width\" content=\"720\" \/>\n\t<meta property=\"og:image:height\" content=\"576\" \/>\n\t<meta property=\"og:image:type\" content=\"image\/jpeg\" \/>\n<meta name=\"author\" content=\"vincenzo\" \/>\n<meta name=\"twitter:card\" content=\"summary_large_image\" \/>\n<meta name=\"twitter:label1\" content=\"Scritto da\" \/>\n\t<meta name=\"twitter:data1\" content=\"vincenzo\" \/>\n\t<meta name=\"twitter:label2\" content=\"Tempo di lettura stimato\" \/>\n\t<meta name=\"twitter:data2\" content=\"5 minuti\" \/>\n<script type=\"application\/ld+json\" class=\"yoast-schema-graph\">{\"@context\":\"https:\/\/schema.org\",\"@graph\":[{\"@type\":\"Article\",\"@id\":\"https:\/\/combonianilimone.it\/?p=1816#article\",\"isPartOf\":{\"@id\":\"https:\/\/combonianilimone.it\/?p=1816\"},\"author\":{\"name\":\"vincenzo\",\"@id\":\"https:\/\/combonianilimone.it\/#\/schema\/person\/d89eb5936e9953ecd0256775a9f52dcf\"},\"headline\":\"Commento al vangelo di domenica 15 marzo 2026 &#8211; IV quaresima A\",\"datePublished\":\"2026-03-14T08:32:05+00:00\",\"dateModified\":\"2026-03-14T08:32:05+00:00\",\"mainEntityOfPage\":{\"@id\":\"https:\/\/combonianilimone.it\/?p=1816\"},\"wordCount\":867,\"commentCount\":0,\"publisher\":{\"@id\":\"https:\/\/combonianilimone.it\/#organization\"},\"image\":{\"@id\":\"https:\/\/combonianilimone.it\/?p=1816#primaryimage\"},\"thumbnailUrl\":\"https:\/\/combonianilimone.it\/wp-content\/uploads\/2026\/03\/COPERTINA-SITO-2.jpg\",\"articleSection\":[\"attualit\u00e0\"],\"inLanguage\":\"it-IT\",\"potentialAction\":[{\"@type\":\"CommentAction\",\"name\":\"Comment\",\"target\":[\"https:\/\/combonianilimone.it\/?p=1816#respond\"]}]},{\"@type\":\"WebPage\",\"@id\":\"https:\/\/combonianilimone.it\/?p=1816\",\"url\":\"https:\/\/combonianilimone.it\/?p=1816\",\"name\":\"Commento al vangelo di domenica 15 marzo 2026 - IV quaresima A - Comboniani Limone sul Garda\",\"isPartOf\":{\"@id\":\"https:\/\/combonianilimone.it\/#website\"},\"primaryImageOfPage\":{\"@id\":\"https:\/\/combonianilimone.it\/?p=1816#primaryimage\"},\"image\":{\"@id\":\"https:\/\/combonianilimone.it\/?p=1816#primaryimage\"},\"thumbnailUrl\":\"https:\/\/combonianilimone.it\/wp-content\/uploads\/2026\/03\/COPERTINA-SITO-2.jpg\",\"datePublished\":\"2026-03-14T08:32:05+00:00\",\"dateModified\":\"2026-03-14T08:32:05+00:00\",\"breadcrumb\":{\"@id\":\"https:\/\/combonianilimone.it\/?p=1816#breadcrumb\"},\"inLanguage\":\"it-IT\",\"potentialAction\":[{\"@type\":\"ReadAction\",\"target\":[\"https:\/\/combonianilimone.it\/?p=1816\"]}]},{\"@type\":\"ImageObject\",\"inLanguage\":\"it-IT\",\"@id\":\"https:\/\/combonianilimone.it\/?p=1816#primaryimage\",\"url\":\"https:\/\/combonianilimone.it\/wp-content\/uploads\/2026\/03\/COPERTINA-SITO-2.jpg\",\"contentUrl\":\"https:\/\/combonianilimone.it\/wp-content\/uploads\/2026\/03\/COPERTINA-SITO-2.jpg\",\"width\":720,\"height\":576},{\"@type\":\"BreadcrumbList\",\"@id\":\"https:\/\/combonianilimone.it\/?p=1816#breadcrumb\",\"itemListElement\":[{\"@type\":\"ListItem\",\"position\":1,\"name\":\"Home\",\"item\":\"https:\/\/combonianilimone.it\/\"},{\"@type\":\"ListItem\",\"position\":2,\"name\":\"Commento al vangelo di domenica 15 marzo 2026 &#8211; IV quaresima A\"}]},{\"@type\":\"WebSite\",\"@id\":\"https:\/\/combonianilimone.it\/#website\",\"url\":\"https:\/\/combonianilimone.it\/\",\"name\":\"Comboniani Limone sul Garda\",\"description\":\"Casa Natale di San Daniele Comboni\",\"publisher\":{\"@id\":\"https:\/\/combonianilimone.it\/#organization\"},\"potentialAction\":[{\"@type\":\"SearchAction\",\"target\":{\"@type\":\"EntryPoint\",\"urlTemplate\":\"https:\/\/combonianilimone.it\/?s={search_term_string}\"},\"query-input\":\"required name=search_term_string\"}],\"inLanguage\":\"it-IT\"},{\"@type\":\"Organization\",\"@id\":\"https:\/\/combonianilimone.it\/#organization\",\"name\":\"Missionari Comboniani Limone\",\"url\":\"https:\/\/combonianilimone.it\/\",\"logo\":{\"@type\":\"ImageObject\",\"inLanguage\":\"it-IT\",\"@id\":\"https:\/\/combonianilimone.it\/#\/schema\/logo\/image\/\",\"url\":\"https:\/\/combonianilimone.it\/wp-content\/uploads\/2020\/12\/cropped-logo-LImone-2.png\",\"contentUrl\":\"https:\/\/combonianilimone.it\/wp-content\/uploads\/2020\/12\/cropped-logo-LImone-2.png\",\"width\":512,\"height\":512,\"caption\":\"Missionari Comboniani Limone\"},\"image\":{\"@id\":\"https:\/\/combonianilimone.it\/#\/schema\/logo\/image\/\"},\"sameAs\":[\"https:\/\/www.facebook.com\/Missionari-Comboniani-Limone-sul-Garda-106606688030170\/\"]},{\"@type\":\"Person\",\"@id\":\"https:\/\/combonianilimone.it\/#\/schema\/person\/d89eb5936e9953ecd0256775a9f52dcf\",\"name\":\"vincenzo\",\"image\":{\"@type\":\"ImageObject\",\"inLanguage\":\"it-IT\",\"@id\":\"https:\/\/combonianilimone.it\/#\/schema\/person\/image\/\",\"url\":\"https:\/\/secure.gravatar.com\/avatar\/5cd1d9850ee512b5ebdc4dc6a9c60397c80a1e26a2cd617be7a41fce656a6eb8?s=96&d=mm&r=g\",\"contentUrl\":\"https:\/\/secure.gravatar.com\/avatar\/5cd1d9850ee512b5ebdc4dc6a9c60397c80a1e26a2cd617be7a41fce656a6eb8?s=96&d=mm&r=g\",\"caption\":\"vincenzo\"},\"url\":\"https:\/\/combonianilimone.it\/?author=5\"}]}<\/script>\n<!-- \/ Yoast SEO plugin. -->","yoast_head_json":{"title":"Commento al vangelo di domenica 15 marzo 2026 - IV quaresima A - Comboniani Limone sul Garda","robots":{"index":"index","follow":"follow","max-snippet":"max-snippet:-1","max-image-preview":"max-image-preview:large","max-video-preview":"max-video-preview:-1"},"canonical":"https:\/\/combonianilimone.it\/?p=1816","og_locale":"it_IT","og_type":"article","og_title":"Commento al vangelo di domenica 15 marzo 2026 - IV quaresima A - Comboniani Limone sul Garda","og_description":"15 marzo 2026 &#8211; IV domenica di Quaresima \/ A \u201cTu che dormi, scrive San Paolo, risorgi dai morti e Cristo ti illuminer\u00e0\u201d. La Pasqua \u00e8 l&#8217;invito a fare questo passaggio dalla tenebra alla luce. Voi eravate tenebra ed ecco siete luce nel Signore, continua San Paolo. E nel Signore portiamo i frutti della luce [&hellip;]","og_url":"https:\/\/combonianilimone.it\/?p=1816","og_site_name":"Comboniani Limone sul Garda","article_publisher":"https:\/\/www.facebook.com\/Missionari-Comboniani-Limone-sul-Garda-106606688030170\/","article_published_time":"2026-03-14T08:32:05+00:00","og_image":[{"width":720,"height":576,"url":"https:\/\/combonianilimone.it\/wp-content\/uploads\/2026\/03\/COPERTINA-SITO-2.jpg","type":"image\/jpeg"}],"author":"vincenzo","twitter_card":"summary_large_image","twitter_misc":{"Scritto da":"vincenzo","Tempo di lettura stimato":"5 minuti"},"schema":{"@context":"https:\/\/schema.org","@graph":[{"@type":"Article","@id":"https:\/\/combonianilimone.it\/?p=1816#article","isPartOf":{"@id":"https:\/\/combonianilimone.it\/?p=1816"},"author":{"name":"vincenzo","@id":"https:\/\/combonianilimone.it\/#\/schema\/person\/d89eb5936e9953ecd0256775a9f52dcf"},"headline":"Commento al vangelo di domenica 15 marzo 2026 &#8211; IV quaresima A","datePublished":"2026-03-14T08:32:05+00:00","dateModified":"2026-03-14T08:32:05+00:00","mainEntityOfPage":{"@id":"https:\/\/combonianilimone.it\/?p=1816"},"wordCount":867,"commentCount":0,"publisher":{"@id":"https:\/\/combonianilimone.it\/#organization"},"image":{"@id":"https:\/\/combonianilimone.it\/?p=1816#primaryimage"},"thumbnailUrl":"https:\/\/combonianilimone.it\/wp-content\/uploads\/2026\/03\/COPERTINA-SITO-2.jpg","articleSection":["attualit\u00e0"],"inLanguage":"it-IT","potentialAction":[{"@type":"CommentAction","name":"Comment","target":["https:\/\/combonianilimone.it\/?p=1816#respond"]}]},{"@type":"WebPage","@id":"https:\/\/combonianilimone.it\/?p=1816","url":"https:\/\/combonianilimone.it\/?p=1816","name":"Commento al vangelo di domenica 15 marzo 2026 - IV quaresima A - Comboniani Limone sul Garda","isPartOf":{"@id":"https:\/\/combonianilimone.it\/#website"},"primaryImageOfPage":{"@id":"https:\/\/combonianilimone.it\/?p=1816#primaryimage"},"image":{"@id":"https:\/\/combonianilimone.it\/?p=1816#primaryimage"},"thumbnailUrl":"https:\/\/combonianilimone.it\/wp-content\/uploads\/2026\/03\/COPERTINA-SITO-2.jpg","datePublished":"2026-03-14T08:32:05+00:00","dateModified":"2026-03-14T08:32:05+00:00","breadcrumb":{"@id":"https:\/\/combonianilimone.it\/?p=1816#breadcrumb"},"inLanguage":"it-IT","potentialAction":[{"@type":"ReadAction","target":["https:\/\/combonianilimone.it\/?p=1816"]}]},{"@type":"ImageObject","inLanguage":"it-IT","@id":"https:\/\/combonianilimone.it\/?p=1816#primaryimage","url":"https:\/\/combonianilimone.it\/wp-content\/uploads\/2026\/03\/COPERTINA-SITO-2.jpg","contentUrl":"https:\/\/combonianilimone.it\/wp-content\/uploads\/2026\/03\/COPERTINA-SITO-2.jpg","width":720,"height":576},{"@type":"BreadcrumbList","@id":"https:\/\/combonianilimone.it\/?p=1816#breadcrumb","itemListElement":[{"@type":"ListItem","position":1,"name":"Home","item":"https:\/\/combonianilimone.it\/"},{"@type":"ListItem","position":2,"name":"Commento al vangelo di domenica 15 marzo 2026 &#8211; IV quaresima A"}]},{"@type":"WebSite","@id":"https:\/\/combonianilimone.it\/#website","url":"https:\/\/combonianilimone.it\/","name":"Comboniani Limone sul Garda","description":"Casa Natale di San Daniele Comboni","publisher":{"@id":"https:\/\/combonianilimone.it\/#organization"},"potentialAction":[{"@type":"SearchAction","target":{"@type":"EntryPoint","urlTemplate":"https:\/\/combonianilimone.it\/?s={search_term_string}"},"query-input":"required name=search_term_string"}],"inLanguage":"it-IT"},{"@type":"Organization","@id":"https:\/\/combonianilimone.it\/#organization","name":"Missionari Comboniani Limone","url":"https:\/\/combonianilimone.it\/","logo":{"@type":"ImageObject","inLanguage":"it-IT","@id":"https:\/\/combonianilimone.it\/#\/schema\/logo\/image\/","url":"https:\/\/combonianilimone.it\/wp-content\/uploads\/2020\/12\/cropped-logo-LImone-2.png","contentUrl":"https:\/\/combonianilimone.it\/wp-content\/uploads\/2020\/12\/cropped-logo-LImone-2.png","width":512,"height":512,"caption":"Missionari Comboniani Limone"},"image":{"@id":"https:\/\/combonianilimone.it\/#\/schema\/logo\/image\/"},"sameAs":["https:\/\/www.facebook.com\/Missionari-Comboniani-Limone-sul-Garda-106606688030170\/"]},{"@type":"Person","@id":"https:\/\/combonianilimone.it\/#\/schema\/person\/d89eb5936e9953ecd0256775a9f52dcf","name":"vincenzo","image":{"@type":"ImageObject","inLanguage":"it-IT","@id":"https:\/\/combonianilimone.it\/#\/schema\/person\/image\/","url":"https:\/\/secure.gravatar.com\/avatar\/5cd1d9850ee512b5ebdc4dc6a9c60397c80a1e26a2cd617be7a41fce656a6eb8?s=96&d=mm&r=g","contentUrl":"https:\/\/secure.gravatar.com\/avatar\/5cd1d9850ee512b5ebdc4dc6a9c60397c80a1e26a2cd617be7a41fce656a6eb8?s=96&d=mm&r=g","caption":"vincenzo"},"url":"https:\/\/combonianilimone.it\/?author=5"}]}},"_links":{"self":[{"href":"https:\/\/combonianilimone.it\/index.php?rest_route=\/wp\/v2\/posts\/1816","targetHints":{"allow":["GET"]}}],"collection":[{"href":"https:\/\/combonianilimone.it\/index.php?rest_route=\/wp\/v2\/posts"}],"about":[{"href":"https:\/\/combonianilimone.it\/index.php?rest_route=\/wp\/v2\/types\/post"}],"author":[{"embeddable":true,"href":"https:\/\/combonianilimone.it\/index.php?rest_route=\/wp\/v2\/users\/5"}],"replies":[{"embeddable":true,"href":"https:\/\/combonianilimone.it\/index.php?rest_route=%2Fwp%2Fv2%2Fcomments&post=1816"}],"version-history":[{"count":1,"href":"https:\/\/combonianilimone.it\/index.php?rest_route=\/wp\/v2\/posts\/1816\/revisions"}],"predecessor-version":[{"id":1818,"href":"https:\/\/combonianilimone.it\/index.php?rest_route=\/wp\/v2\/posts\/1816\/revisions\/1818"}],"wp:featuredmedia":[{"embeddable":true,"href":"https:\/\/combonianilimone.it\/index.php?rest_route=\/wp\/v2\/media\/1817"}],"wp:attachment":[{"href":"https:\/\/combonianilimone.it\/index.php?rest_route=%2Fwp%2Fv2%2Fmedia&parent=1816"}],"wp:term":[{"taxonomy":"category","embeddable":true,"href":"https:\/\/combonianilimone.it\/index.php?rest_route=%2Fwp%2Fv2%2Fcategories&post=1816"},{"taxonomy":"post_tag","embeddable":true,"href":"https:\/\/combonianilimone.it\/index.php?rest_route=%2Fwp%2Fv2%2Ftags&post=1816"}],"curies":[{"name":"wp","href":"https:\/\/api.w.org\/{rel}","templated":true}]}}