{"id":1813,"date":"2026-03-07T10:37:02","date_gmt":"2026-03-07T09:37:02","guid":{"rendered":"https:\/\/combonianilimone.it\/?p=1813"},"modified":"2026-03-07T10:37:02","modified_gmt":"2026-03-07T09:37:02","slug":"commento-al-vangelo-di-domenica-8-marzo-2026-iii-quaresima-a","status":"publish","type":"post","link":"https:\/\/combonianilimone.it\/?p=1813","title":{"rendered":"Commento al vangelo di domenica 8 marzo 2026 &#8211; III quaresima \/ A"},"content":{"rendered":"<p><strong>Domenica 8 Marzo 2026 &#8211; III di Quaresima \/ A<\/strong><\/p>\n<p>Il Vangelo di oggi \u00e8 tradizionalmente usato dalla chiesa in occasione dello scrutinio dei catecumeni ormai prossimi a battesimo. Esso cio\u00e8 dovrebbe illuminare i loro cuori circa la loro disponibilit\u00e0 ad accogliere l&#8217;amore dello Spirito Santo e quindi a permettere che questo \u201camore nuovo e divino\u201d guarisca nel profondo la loro affettivit\u00e0 naturale, sulle quale si modula la religiosit\u00e0 naturale. Quest&#8217;ultima \u00e8 bene rappresentata dalla storia della samaritana che ha avuto cinque uomini ma non pu\u00f2 riconoscere nessuno di essi come marito, in quanto con nessuno di essi \u00e8 riuscita a costruire una relazione sponsale, un legame di comunione, una relazione che genera vita.<\/p>\n<p>Un tale fallimento \u00e8 conseguenza del fatto che l\u2019affettivit\u00e0 naturale dell\u2019uomo \u00e8 ripiegata su s\u00e9 stessa e quindi cerca costantemente conferme, gratificazioni, corrispondenze che perpetuano in essa atteggiamenti di pretesa. L&#8217;altro deve soddisfare le mie attese, deve in un certo senso darmi da bere. Questo si riflette anche nel rapporto con Dio e quindi nella religiosit\u00e0 naturale che misura l\u2019amore di Dio a partire dai suoi favori. L&#8217;esodo ricorda come gli israeliti tentarono Dio nel deserto perch\u00e9 dinanzi ad una temporanea difficolt\u00e0, mettevano in dubbio non semplicemente la sua disponibilit\u00e0 a venir loro incontro in quel momento, ma il suo amore originario per loro: vediamo, si dicevano, se Dio sta in mezzo a noi oppure no. Vediamo se la sua relazione con noi \u00e8 veramente sponsale, fedele, vitale.<\/p>\n<p>Questo atteggiamento di pretesa \u00e8 alla radice del fallimento di tutte le relazioni umane. La pretesa che l\u2019altro mi debba qualcosa porta il sospetto, all\u2019aggressione, alla rivendicazione, al rinfacciare le cose e finalmente a cercare altrove da bere. Per quanto legittime possono sembrare queste attese esse ci lasciano nella nostra sete. Chi beve per soddisfare la propria sete torner\u00e0 ad aver sete. Ges\u00f9 parte proprio da questa realt\u00e0 esistenziale per chiamare la donna a conversione e invitare noi tutti a guardare la realt\u00e0 da un punto di vista nuovo. Se tu conoscessi il dono di Dio, le dice, tu stessa avresti chiesto da bere e, cosa estranea ad ogni umana affettivit\u00e0, colui che ha sete avrebbe dato a te da bere.<\/p>\n<p>L&#8217;accoglienza dello Spirito Santo, infatti, \u00e8 l&#8217;accoglienza di un dono che trasforma la nostra affettivit\u00e0 da spugna che assorbe a sorgente che zampilla e quindi ci chiama a passare dall\u2019atteggiamento di pretesa a quello della gratuit\u00e0. San Paolo cerca di spiegarlo in tanti modi: noi eravamo deboli, infermi ed egli ci ha dato lo Spirito Santo; eravamo empi, lontani da Dio, ed egli ha dato la sua vita per noi; eravamo ingiusti, peccatori ed egli non ha esitato a morire per noi. San Paolo sta dicendo che Cristo entra in relazione con l&#8217;uomo senza alcuna pretesa, senza attese, senza condizioni. Egli ha semplicemente aperto un accesso per noi alla grazia perch\u00e9 possiamo stabilirci in essa e imparare a vivere nel dono di noi stessi e passare da persone tendenzialmente deboli e tristi a persone forti e felici.<\/p>\n<p>Si tratta di stare davanti alla realt\u00e0 come Israele davanti alla roccia nel deserto e credere che proprio quella realt\u00e0, che non puoi cambiare a tuo piacimento, \u00e8 impregnata di vita divina che attende di riversarsi nei nostri cuori. Quando la samaritana grida a tutti che Ges\u00f9 \u201cle ha detto tutto quello che aveva fatto\u201d ella sta dicendo che Ges\u00f9 l\u2019ha aiutata a vedere nelle circostanze della sua storia non un impedimento all\u2019amore di Dio ma un possibile accesso alla sua grazia. Una tale promessa \u00e8 data inizialmente nella speranza, continua Paolo, ma essa non delude, non confonde, non lascia nella vergogna, perch\u00e9 veramente fin da ora lo Spirito Santo \u00e8 stato versato nei nostri cuori. Siamo noi il tempio e quindi tutta la nostra vita diventa un culto in spirito e verit\u00e0, una sinergia tra la nostra affettivit\u00e0 malata e l&#8217;amore dello Spirito Santo che ci abita.<\/p>\n<p>Perch\u00e9 chi raccoglie gioisca insieme a chi ha seminato. Ogni piccolo sforzo di gratuit\u00e0, di misericordia, di tenerezza, di dono per chi crede viene fatto nel ricordo di un grande amore ricevuto che ha la sua origine nel cuore di Dio. Allora, ogni piccola gioia per un frutto ottenuto non \u00e8 pi\u00f9 soltanto la mia gioia, ma anche quella di Dio. Questo significa adorare Dio in Spirito e verit\u00e0. Vivere cio\u00e8 ogni momento della vita come un culto spirituale, come l\u2019occasione per donare agli altri un amore la cui sorgente non \u00e8 in me. Per la prima volta nel vangelo Ges\u00f9 rivela s\u00e9 stesso alla samaritana come il Messia. Questa rivelazione mette in luce che la promessa fatta alla donna non \u00e8 solo un fatto privato ma \u00e8 un annuncio che vale per tutti coloro che cercano un amore pi\u00f9 grande. Guardate le spighe nei campi gi\u00e0 biondeggianti, dice Ges\u00f9 ai discepoli. Il tempo ormai \u00e8 compiuto. Non temete, come diceva Papa Francesco, di diventare chiesa in uscita.<\/p>\n","protected":false},"excerpt":{"rendered":"<p>Domenica 8 Marzo 2026 &#8211; III di Quaresima \/ A Il Vangelo di oggi \u00e8 tradizionalmente usato dalla chiesa in occasione dello scrutinio dei catecumeni ormai prossimi a battesimo. Esso cio\u00e8 dovrebbe illuminare i loro cuori circa la loro disponibilit\u00e0 ad accogliere l&#8217;amore dello Spirito Santo e quindi a permettere che questo \u201camore nuovo e [&hellip;]<\/p>\n","protected":false},"author":5,"featured_media":1814,"comment_status":"open","ping_status":"open","sticky":false,"template":"","format":"standard","meta":{"_et_pb_use_builder":"","_et_pb_old_content":"","_et_gb_content_width":"","footnotes":""},"categories":[5],"tags":[],"class_list":["post-1813","post","type-post","status-publish","format-standard","has-post-thumbnail","hentry","category-attualita"],"yoast_head":"<!-- This site is optimized with the Yoast SEO plugin v23.2 - https:\/\/yoast.com\/wordpress\/plugins\/seo\/ -->\n<title>Commento al vangelo di domenica 8 marzo 2026 - III quaresima \/ A - Comboniani Limone sul Garda<\/title>\n<meta name=\"robots\" content=\"index, follow, max-snippet:-1, max-image-preview:large, max-video-preview:-1\" \/>\n<link rel=\"canonical\" href=\"https:\/\/combonianilimone.it\/?p=1813\" \/>\n<meta property=\"og:locale\" content=\"it_IT\" \/>\n<meta property=\"og:type\" content=\"article\" \/>\n<meta property=\"og:title\" content=\"Commento al vangelo di domenica 8 marzo 2026 - III quaresima \/ A - Comboniani Limone sul Garda\" \/>\n<meta property=\"og:description\" content=\"Domenica 8 Marzo 2026 &#8211; III di Quaresima \/ A Il Vangelo di oggi \u00e8 tradizionalmente usato dalla chiesa in occasione dello scrutinio dei catecumeni ormai prossimi a battesimo. Esso cio\u00e8 dovrebbe illuminare i loro cuori circa la loro disponibilit\u00e0 ad accogliere l&#8217;amore dello Spirito Santo e quindi a permettere che questo \u201camore nuovo e [&hellip;]\" \/>\n<meta property=\"og:url\" content=\"https:\/\/combonianilimone.it\/?p=1813\" \/>\n<meta property=\"og:site_name\" content=\"Comboniani Limone sul Garda\" \/>\n<meta property=\"article:publisher\" content=\"https:\/\/www.facebook.com\/Missionari-Comboniani-Limone-sul-Garda-106606688030170\/\" \/>\n<meta property=\"article:published_time\" content=\"2026-03-07T09:37:02+00:00\" \/>\n<meta property=\"og:image\" content=\"https:\/\/combonianilimone.it\/wp-content\/uploads\/2026\/03\/pcdazero-waterfall-1595964_1920.jpg\" \/>\n\t<meta property=\"og:image:width\" content=\"1920\" \/>\n\t<meta property=\"og:image:height\" content=\"1620\" \/>\n\t<meta property=\"og:image:type\" content=\"image\/jpeg\" \/>\n<meta name=\"author\" content=\"vincenzo\" \/>\n<meta name=\"twitter:card\" content=\"summary_large_image\" \/>\n<meta name=\"twitter:label1\" content=\"Scritto da\" \/>\n\t<meta name=\"twitter:data1\" content=\"vincenzo\" \/>\n\t<meta name=\"twitter:label2\" content=\"Tempo di lettura stimato\" \/>\n\t<meta name=\"twitter:data2\" content=\"5 minuti\" \/>\n<script type=\"application\/ld+json\" class=\"yoast-schema-graph\">{\"@context\":\"https:\/\/schema.org\",\"@graph\":[{\"@type\":\"Article\",\"@id\":\"https:\/\/combonianilimone.it\/?p=1813#article\",\"isPartOf\":{\"@id\":\"https:\/\/combonianilimone.it\/?p=1813\"},\"author\":{\"name\":\"vincenzo\",\"@id\":\"https:\/\/combonianilimone.it\/#\/schema\/person\/d89eb5936e9953ecd0256775a9f52dcf\"},\"headline\":\"Commento al vangelo di domenica 8 marzo 2026 &#8211; III quaresima \/ A\",\"datePublished\":\"2026-03-07T09:37:02+00:00\",\"dateModified\":\"2026-03-07T09:37:02+00:00\",\"mainEntityOfPage\":{\"@id\":\"https:\/\/combonianilimone.it\/?p=1813\"},\"wordCount\":816,\"commentCount\":0,\"publisher\":{\"@id\":\"https:\/\/combonianilimone.it\/#organization\"},\"image\":{\"@id\":\"https:\/\/combonianilimone.it\/?p=1813#primaryimage\"},\"thumbnailUrl\":\"https:\/\/combonianilimone.it\/wp-content\/uploads\/2026\/03\/pcdazero-waterfall-1595964_1920.jpg\",\"articleSection\":[\"attualit\u00e0\"],\"inLanguage\":\"it-IT\",\"potentialAction\":[{\"@type\":\"CommentAction\",\"name\":\"Comment\",\"target\":[\"https:\/\/combonianilimone.it\/?p=1813#respond\"]}]},{\"@type\":\"WebPage\",\"@id\":\"https:\/\/combonianilimone.it\/?p=1813\",\"url\":\"https:\/\/combonianilimone.it\/?p=1813\",\"name\":\"Commento al vangelo di domenica 8 marzo 2026 - III quaresima \/ A - Comboniani Limone sul Garda\",\"isPartOf\":{\"@id\":\"https:\/\/combonianilimone.it\/#website\"},\"primaryImageOfPage\":{\"@id\":\"https:\/\/combonianilimone.it\/?p=1813#primaryimage\"},\"image\":{\"@id\":\"https:\/\/combonianilimone.it\/?p=1813#primaryimage\"},\"thumbnailUrl\":\"https:\/\/combonianilimone.it\/wp-content\/uploads\/2026\/03\/pcdazero-waterfall-1595964_1920.jpg\",\"datePublished\":\"2026-03-07T09:37:02+00:00\",\"dateModified\":\"2026-03-07T09:37:02+00:00\",\"breadcrumb\":{\"@id\":\"https:\/\/combonianilimone.it\/?p=1813#breadcrumb\"},\"inLanguage\":\"it-IT\",\"potentialAction\":[{\"@type\":\"ReadAction\",\"target\":[\"https:\/\/combonianilimone.it\/?p=1813\"]}]},{\"@type\":\"ImageObject\",\"inLanguage\":\"it-IT\",\"@id\":\"https:\/\/combonianilimone.it\/?p=1813#primaryimage\",\"url\":\"https:\/\/combonianilimone.it\/wp-content\/uploads\/2026\/03\/pcdazero-waterfall-1595964_1920.jpg\",\"contentUrl\":\"https:\/\/combonianilimone.it\/wp-content\/uploads\/2026\/03\/pcdazero-waterfall-1595964_1920.jpg\",\"width\":1920,\"height\":1620},{\"@type\":\"BreadcrumbList\",\"@id\":\"https:\/\/combonianilimone.it\/?p=1813#breadcrumb\",\"itemListElement\":[{\"@type\":\"ListItem\",\"position\":1,\"name\":\"Home\",\"item\":\"https:\/\/combonianilimone.it\/\"},{\"@type\":\"ListItem\",\"position\":2,\"name\":\"Commento al vangelo di domenica 8 marzo 2026 &#8211; III quaresima \/ A\"}]},{\"@type\":\"WebSite\",\"@id\":\"https:\/\/combonianilimone.it\/#website\",\"url\":\"https:\/\/combonianilimone.it\/\",\"name\":\"Comboniani Limone sul Garda\",\"description\":\"Casa Natale di San Daniele Comboni\",\"publisher\":{\"@id\":\"https:\/\/combonianilimone.it\/#organization\"},\"potentialAction\":[{\"@type\":\"SearchAction\",\"target\":{\"@type\":\"EntryPoint\",\"urlTemplate\":\"https:\/\/combonianilimone.it\/?s={search_term_string}\"},\"query-input\":\"required name=search_term_string\"}],\"inLanguage\":\"it-IT\"},{\"@type\":\"Organization\",\"@id\":\"https:\/\/combonianilimone.it\/#organization\",\"name\":\"Missionari Comboniani Limone\",\"url\":\"https:\/\/combonianilimone.it\/\",\"logo\":{\"@type\":\"ImageObject\",\"inLanguage\":\"it-IT\",\"@id\":\"https:\/\/combonianilimone.it\/#\/schema\/logo\/image\/\",\"url\":\"https:\/\/combonianilimone.it\/wp-content\/uploads\/2020\/12\/cropped-logo-LImone-2.png\",\"contentUrl\":\"https:\/\/combonianilimone.it\/wp-content\/uploads\/2020\/12\/cropped-logo-LImone-2.png\",\"width\":512,\"height\":512,\"caption\":\"Missionari Comboniani Limone\"},\"image\":{\"@id\":\"https:\/\/combonianilimone.it\/#\/schema\/logo\/image\/\"},\"sameAs\":[\"https:\/\/www.facebook.com\/Missionari-Comboniani-Limone-sul-Garda-106606688030170\/\"]},{\"@type\":\"Person\",\"@id\":\"https:\/\/combonianilimone.it\/#\/schema\/person\/d89eb5936e9953ecd0256775a9f52dcf\",\"name\":\"vincenzo\",\"image\":{\"@type\":\"ImageObject\",\"inLanguage\":\"it-IT\",\"@id\":\"https:\/\/combonianilimone.it\/#\/schema\/person\/image\/\",\"url\":\"https:\/\/secure.gravatar.com\/avatar\/5cd1d9850ee512b5ebdc4dc6a9c60397c80a1e26a2cd617be7a41fce656a6eb8?s=96&d=mm&r=g\",\"contentUrl\":\"https:\/\/secure.gravatar.com\/avatar\/5cd1d9850ee512b5ebdc4dc6a9c60397c80a1e26a2cd617be7a41fce656a6eb8?s=96&d=mm&r=g\",\"caption\":\"vincenzo\"},\"url\":\"https:\/\/combonianilimone.it\/?author=5\"}]}<\/script>\n<!-- \/ Yoast SEO plugin. -->","yoast_head_json":{"title":"Commento al vangelo di domenica 8 marzo 2026 - III quaresima \/ A - Comboniani Limone sul Garda","robots":{"index":"index","follow":"follow","max-snippet":"max-snippet:-1","max-image-preview":"max-image-preview:large","max-video-preview":"max-video-preview:-1"},"canonical":"https:\/\/combonianilimone.it\/?p=1813","og_locale":"it_IT","og_type":"article","og_title":"Commento al vangelo di domenica 8 marzo 2026 - III quaresima \/ A - Comboniani Limone sul Garda","og_description":"Domenica 8 Marzo 2026 &#8211; III di Quaresima \/ A Il Vangelo di oggi \u00e8 tradizionalmente usato dalla chiesa in occasione dello scrutinio dei catecumeni ormai prossimi a battesimo. Esso cio\u00e8 dovrebbe illuminare i loro cuori circa la loro disponibilit\u00e0 ad accogliere l&#8217;amore dello Spirito Santo e quindi a permettere che questo \u201camore nuovo e [&hellip;]","og_url":"https:\/\/combonianilimone.it\/?p=1813","og_site_name":"Comboniani Limone sul Garda","article_publisher":"https:\/\/www.facebook.com\/Missionari-Comboniani-Limone-sul-Garda-106606688030170\/","article_published_time":"2026-03-07T09:37:02+00:00","og_image":[{"width":1920,"height":1620,"url":"https:\/\/combonianilimone.it\/wp-content\/uploads\/2026\/03\/pcdazero-waterfall-1595964_1920.jpg","type":"image\/jpeg"}],"author":"vincenzo","twitter_card":"summary_large_image","twitter_misc":{"Scritto da":"vincenzo","Tempo di lettura stimato":"5 minuti"},"schema":{"@context":"https:\/\/schema.org","@graph":[{"@type":"Article","@id":"https:\/\/combonianilimone.it\/?p=1813#article","isPartOf":{"@id":"https:\/\/combonianilimone.it\/?p=1813"},"author":{"name":"vincenzo","@id":"https:\/\/combonianilimone.it\/#\/schema\/person\/d89eb5936e9953ecd0256775a9f52dcf"},"headline":"Commento al vangelo di domenica 8 marzo 2026 &#8211; III quaresima \/ A","datePublished":"2026-03-07T09:37:02+00:00","dateModified":"2026-03-07T09:37:02+00:00","mainEntityOfPage":{"@id":"https:\/\/combonianilimone.it\/?p=1813"},"wordCount":816,"commentCount":0,"publisher":{"@id":"https:\/\/combonianilimone.it\/#organization"},"image":{"@id":"https:\/\/combonianilimone.it\/?p=1813#primaryimage"},"thumbnailUrl":"https:\/\/combonianilimone.it\/wp-content\/uploads\/2026\/03\/pcdazero-waterfall-1595964_1920.jpg","articleSection":["attualit\u00e0"],"inLanguage":"it-IT","potentialAction":[{"@type":"CommentAction","name":"Comment","target":["https:\/\/combonianilimone.it\/?p=1813#respond"]}]},{"@type":"WebPage","@id":"https:\/\/combonianilimone.it\/?p=1813","url":"https:\/\/combonianilimone.it\/?p=1813","name":"Commento al vangelo di domenica 8 marzo 2026 - III quaresima \/ A - Comboniani Limone sul Garda","isPartOf":{"@id":"https:\/\/combonianilimone.it\/#website"},"primaryImageOfPage":{"@id":"https:\/\/combonianilimone.it\/?p=1813#primaryimage"},"image":{"@id":"https:\/\/combonianilimone.it\/?p=1813#primaryimage"},"thumbnailUrl":"https:\/\/combonianilimone.it\/wp-content\/uploads\/2026\/03\/pcdazero-waterfall-1595964_1920.jpg","datePublished":"2026-03-07T09:37:02+00:00","dateModified":"2026-03-07T09:37:02+00:00","breadcrumb":{"@id":"https:\/\/combonianilimone.it\/?p=1813#breadcrumb"},"inLanguage":"it-IT","potentialAction":[{"@type":"ReadAction","target":["https:\/\/combonianilimone.it\/?p=1813"]}]},{"@type":"ImageObject","inLanguage":"it-IT","@id":"https:\/\/combonianilimone.it\/?p=1813#primaryimage","url":"https:\/\/combonianilimone.it\/wp-content\/uploads\/2026\/03\/pcdazero-waterfall-1595964_1920.jpg","contentUrl":"https:\/\/combonianilimone.it\/wp-content\/uploads\/2026\/03\/pcdazero-waterfall-1595964_1920.jpg","width":1920,"height":1620},{"@type":"BreadcrumbList","@id":"https:\/\/combonianilimone.it\/?p=1813#breadcrumb","itemListElement":[{"@type":"ListItem","position":1,"name":"Home","item":"https:\/\/combonianilimone.it\/"},{"@type":"ListItem","position":2,"name":"Commento al vangelo di domenica 8 marzo 2026 &#8211; III quaresima \/ A"}]},{"@type":"WebSite","@id":"https:\/\/combonianilimone.it\/#website","url":"https:\/\/combonianilimone.it\/","name":"Comboniani Limone sul Garda","description":"Casa Natale di San Daniele Comboni","publisher":{"@id":"https:\/\/combonianilimone.it\/#organization"},"potentialAction":[{"@type":"SearchAction","target":{"@type":"EntryPoint","urlTemplate":"https:\/\/combonianilimone.it\/?s={search_term_string}"},"query-input":"required name=search_term_string"}],"inLanguage":"it-IT"},{"@type":"Organization","@id":"https:\/\/combonianilimone.it\/#organization","name":"Missionari Comboniani Limone","url":"https:\/\/combonianilimone.it\/","logo":{"@type":"ImageObject","inLanguage":"it-IT","@id":"https:\/\/combonianilimone.it\/#\/schema\/logo\/image\/","url":"https:\/\/combonianilimone.it\/wp-content\/uploads\/2020\/12\/cropped-logo-LImone-2.png","contentUrl":"https:\/\/combonianilimone.it\/wp-content\/uploads\/2020\/12\/cropped-logo-LImone-2.png","width":512,"height":512,"caption":"Missionari Comboniani Limone"},"image":{"@id":"https:\/\/combonianilimone.it\/#\/schema\/logo\/image\/"},"sameAs":["https:\/\/www.facebook.com\/Missionari-Comboniani-Limone-sul-Garda-106606688030170\/"]},{"@type":"Person","@id":"https:\/\/combonianilimone.it\/#\/schema\/person\/d89eb5936e9953ecd0256775a9f52dcf","name":"vincenzo","image":{"@type":"ImageObject","inLanguage":"it-IT","@id":"https:\/\/combonianilimone.it\/#\/schema\/person\/image\/","url":"https:\/\/secure.gravatar.com\/avatar\/5cd1d9850ee512b5ebdc4dc6a9c60397c80a1e26a2cd617be7a41fce656a6eb8?s=96&d=mm&r=g","contentUrl":"https:\/\/secure.gravatar.com\/avatar\/5cd1d9850ee512b5ebdc4dc6a9c60397c80a1e26a2cd617be7a41fce656a6eb8?s=96&d=mm&r=g","caption":"vincenzo"},"url":"https:\/\/combonianilimone.it\/?author=5"}]}},"_links":{"self":[{"href":"https:\/\/combonianilimone.it\/index.php?rest_route=\/wp\/v2\/posts\/1813","targetHints":{"allow":["GET"]}}],"collection":[{"href":"https:\/\/combonianilimone.it\/index.php?rest_route=\/wp\/v2\/posts"}],"about":[{"href":"https:\/\/combonianilimone.it\/index.php?rest_route=\/wp\/v2\/types\/post"}],"author":[{"embeddable":true,"href":"https:\/\/combonianilimone.it\/index.php?rest_route=\/wp\/v2\/users\/5"}],"replies":[{"embeddable":true,"href":"https:\/\/combonianilimone.it\/index.php?rest_route=%2Fwp%2Fv2%2Fcomments&post=1813"}],"version-history":[{"count":1,"href":"https:\/\/combonianilimone.it\/index.php?rest_route=\/wp\/v2\/posts\/1813\/revisions"}],"predecessor-version":[{"id":1815,"href":"https:\/\/combonianilimone.it\/index.php?rest_route=\/wp\/v2\/posts\/1813\/revisions\/1815"}],"wp:featuredmedia":[{"embeddable":true,"href":"https:\/\/combonianilimone.it\/index.php?rest_route=\/wp\/v2\/media\/1814"}],"wp:attachment":[{"href":"https:\/\/combonianilimone.it\/index.php?rest_route=%2Fwp%2Fv2%2Fmedia&parent=1813"}],"wp:term":[{"taxonomy":"category","embeddable":true,"href":"https:\/\/combonianilimone.it\/index.php?rest_route=%2Fwp%2Fv2%2Fcategories&post=1813"},{"taxonomy":"post_tag","embeddable":true,"href":"https:\/\/combonianilimone.it\/index.php?rest_route=%2Fwp%2Fv2%2Ftags&post=1813"}],"curies":[{"name":"wp","href":"https:\/\/api.w.org\/{rel}","templated":true}]}}