{"id":1793,"date":"2026-01-31T17:55:40","date_gmt":"2026-01-31T16:55:40","guid":{"rendered":"https:\/\/combonianilimone.it\/?p=1793"},"modified":"2026-01-31T17:56:13","modified_gmt":"2026-01-31T16:56:13","slug":"1793","status":"publish","type":"post","link":"https:\/\/combonianilimone.it\/?p=1793","title":{"rendered":"Commento al vangelo di domenica 1 febbraio 2026"},"content":{"rendered":"<p><strong>1\u00b0 febbraio 2026 &#8211; IV domenica \/ A<\/strong><\/p>\n<p>Il discorso delle beatitudini \u00e8 la descrizione pi\u00f9 chiara e semplice della chiamata che Dio rivolge ad ogni uomo di buona volont\u00e0. L&#8217;uomo \u00e8 l&#8217;unica creatura che non acquista la sua natura in modo predeterminato, come un cane o un cavallo. L\u2019uomo pu\u00f2 scegliere ogni giorno che cosa diventare, in quale direzione orientare il proprio cammino. Le beatitudini descrivono la chiamata a scegliere una direzione di crescita nella vita che ci assimila sempre di pi\u00f9 a Cristo. Credere a questa chiamata significa credere che siamo veramente liberi di diventare il meglio di noi stessi, che da questa libert\u00e0 dipende la nostra felicit\u00e0 e che questa felicit\u00e0 non \u00e8 da conquistare, come l&#8217;oscar del migliore, ma da accogliere alla fine come un dono gratuito offerto non a coloro che ci sono riusciti ma a coloro che si sono fidati di Uno che apriva il cammino per loro.<\/p>\n<p>In tal senso, dice Paolo, Cristo si \u00e8 fatto nostra sapienza, giustizia, santificazione e redenzione. Le beatitudini descrivono un\u2019umanit\u00e0 redenta che nessuno potrebbe conseguire con le proprie forze ma solo appoggiandosi ad una libert\u00e0 pi\u00f9 forte. Il profeta Sofonia descrive bene questa chiamata ad appoggiarsi con fiducia al Signore. \u00a0Se cercate la giustizia, egli dice, perseguite l&#8217;umilt\u00e0. Non cercate qualcosa di cui vantarvi ma qualcuno dietro cui nascondervi, consapevoli che nel giorno di Yahweh, cio\u00e8 davanti al suo giudizio, potrete trovare rifugio nel suo nome. \u00a0La sfida \u00e8 quella di riconoscere il nostro bisogno di conversione, cio\u00e8 il nostro bisogni di lasciar andare una sapienza nostra per assumere la sapienza di Cristo. \u00a0Gli uomini, ricorda Paolo, non dicono: beati i miti e i poveri; ma piuttosto beati i potenti, i ricchi, i nobili, i belli.<\/p>\n<p>Acquisire la sapienza di Cristo significa acquistare il modo di Dio di guardare alla realt\u00e0. Dio non cerca nella realt\u00e0 che cosa prendere, di che cosa approfittare oppure che cosa guadagnare, come fanno gli uomini. Dio cerca che cosa valorizzare e che cosa far crescere, come un artista che sceglie materiali poveri o di scarto per farli diventare opere d\u2019arte. Dio rialza chiunque \u00e8 caduto, prega salmista. Non giudica chi cade ma soccorre la sua debolezza. Nella misura in cui ci lasciamo trasformare dalla sapienza di Cristo otteniamo anche la sua giustizia, cio\u00e8 di stare davanti a Dio Padre non come esecutori di una legge ma come figli che vogliono imparare ad amare da Lui. Questa giustizia, che troviamo non in noi stessi ma in Cristo, diventa la nostra santificazione perch\u00e9 essa ci dispone a ricevere lo Spirito Santo. La sinergia tra noi e lo Spirito Santo che riceviamo in Cristo, infine, diventa la nostra redenzione, cio\u00e8 la liberazione della nostra stessa libert\u00e0, perch\u00e9 essa diventi capace di crescere oltre il peccato che la domina, oltre le nostre paure e i mille vincoli che ci trattengono nella mediocrit\u00e0, finalmente, oltre la morte. Questa libert\u00e0 redenta nessun uomo pu\u00f2 trovarla in s\u00e9 stesso per un qualche merito ma solo in Cristo per la fede.<\/p>\n<p>Per questo Matteo presenta Ges\u00f9 nel vangelo seduto su un monte come un nuovo Mos\u00e8. Ma a differenza di Mos\u00e8 Ges\u00f9 non \u00e8 inavvicinabile, in una nube di fuoco. Al contrario, i suoi discepoli si avvicinano tranquillamente ed ascoltano ci\u00f2 che esce dalla sua bocca, cio\u00e8 un insegnamento vivo che parla a ciascuno personalmente. Le beatitudini che egli pronuncia sono la chiamata rivolta ad ogni uomo alla conversione e alla fiducia. Le beatitudini annunciano che il desiderio ultimo del nostro cuore, che \u00e8 il desiderio di felicit\u00e0, non \u00e8 soddisfatto dalle circostanze storiche della nostra vita, che possono essere contraddittorie e dolorose, anzi persecutorie. Esso \u00e8 soddisfatto dal divenire pienamente umani, quindi anche pienamente figli di Dio, liberi nel cuore, semplici, misericordiosi, miti, amanti della giustizia, puri abbastanza per vedere Dio.<\/p>\n","protected":false},"excerpt":{"rendered":"<p>1\u00b0 febbraio 2026 &#8211; IV domenica \/ A Il discorso delle beatitudini \u00e8 la descrizione pi\u00f9 chiara e semplice della chiamata che Dio rivolge ad ogni uomo di buona volont\u00e0. L&#8217;uomo \u00e8 l&#8217;unica creatura che non acquista la sua natura in modo predeterminato, come un cane o un cavallo. L\u2019uomo pu\u00f2 scegliere ogni giorno che [&hellip;]<\/p>\n","protected":false},"author":5,"featured_media":1640,"comment_status":"open","ping_status":"open","sticky":false,"template":"","format":"standard","meta":{"_et_pb_use_builder":"","_et_pb_old_content":"","_et_gb_content_width":"","footnotes":""},"categories":[5],"tags":[],"class_list":["post-1793","post","type-post","status-publish","format-standard","has-post-thumbnail","hentry","category-attualita"],"yoast_head":"<!-- This site is optimized with the Yoast SEO plugin v23.2 - https:\/\/yoast.com\/wordpress\/plugins\/seo\/ -->\n<title>Commento al vangelo di domenica 1 febbraio 2026 - Comboniani Limone sul Garda<\/title>\n<meta name=\"robots\" content=\"index, follow, max-snippet:-1, max-image-preview:large, max-video-preview:-1\" \/>\n<link rel=\"canonical\" href=\"https:\/\/combonianilimone.it\/?p=1793\" \/>\n<meta property=\"og:locale\" content=\"it_IT\" \/>\n<meta property=\"og:type\" content=\"article\" \/>\n<meta property=\"og:title\" content=\"Commento al vangelo di domenica 1 febbraio 2026 - Comboniani Limone sul Garda\" \/>\n<meta property=\"og:description\" content=\"1\u00b0 febbraio 2026 &#8211; IV domenica \/ A Il discorso delle beatitudini \u00e8 la descrizione pi\u00f9 chiara e semplice della chiamata che Dio rivolge ad ogni uomo di buona volont\u00e0. L&#8217;uomo \u00e8 l&#8217;unica creatura che non acquista la sua natura in modo predeterminato, come un cane o un cavallo. L\u2019uomo pu\u00f2 scegliere ogni giorno che [&hellip;]\" \/>\n<meta property=\"og:url\" content=\"https:\/\/combonianilimone.it\/?p=1793\" \/>\n<meta property=\"og:site_name\" content=\"Comboniani Limone sul Garda\" \/>\n<meta property=\"article:publisher\" content=\"https:\/\/www.facebook.com\/Missionari-Comboniani-Limone-sul-Garda-106606688030170\/\" \/>\n<meta property=\"article:published_time\" content=\"2026-01-31T16:55:40+00:00\" \/>\n<meta property=\"article:modified_time\" content=\"2026-01-31T16:56:13+00:00\" \/>\n<meta property=\"og:image\" content=\"https:\/\/combonianilimone.it\/wp-content\/uploads\/2025\/05\/Colomba.jpg\" \/>\n\t<meta property=\"og:image:width\" content=\"640\" \/>\n\t<meta property=\"og:image:height\" content=\"422\" \/>\n\t<meta property=\"og:image:type\" content=\"image\/jpeg\" \/>\n<meta name=\"author\" content=\"vincenzo\" \/>\n<meta name=\"twitter:card\" content=\"summary_large_image\" \/>\n<meta name=\"twitter:label1\" content=\"Scritto da\" \/>\n\t<meta name=\"twitter:data1\" content=\"vincenzo\" \/>\n\t<meta name=\"twitter:label2\" content=\"Tempo di lettura stimato\" \/>\n\t<meta name=\"twitter:data2\" content=\"4 minuti\" \/>\n<script type=\"application\/ld+json\" class=\"yoast-schema-graph\">{\"@context\":\"https:\/\/schema.org\",\"@graph\":[{\"@type\":\"Article\",\"@id\":\"https:\/\/combonianilimone.it\/?p=1793#article\",\"isPartOf\":{\"@id\":\"https:\/\/combonianilimone.it\/?p=1793\"},\"author\":{\"name\":\"vincenzo\",\"@id\":\"https:\/\/combonianilimone.it\/#\/schema\/person\/d89eb5936e9953ecd0256775a9f52dcf\"},\"headline\":\"Commento al vangelo di domenica 1 febbraio 2026\",\"datePublished\":\"2026-01-31T16:55:40+00:00\",\"dateModified\":\"2026-01-31T16:56:13+00:00\",\"mainEntityOfPage\":{\"@id\":\"https:\/\/combonianilimone.it\/?p=1793\"},\"wordCount\":629,\"commentCount\":0,\"publisher\":{\"@id\":\"https:\/\/combonianilimone.it\/#organization\"},\"image\":{\"@id\":\"https:\/\/combonianilimone.it\/?p=1793#primaryimage\"},\"thumbnailUrl\":\"https:\/\/combonianilimone.it\/wp-content\/uploads\/2025\/05\/Colomba.jpg\",\"articleSection\":[\"attualit\u00e0\"],\"inLanguage\":\"it-IT\",\"potentialAction\":[{\"@type\":\"CommentAction\",\"name\":\"Comment\",\"target\":[\"https:\/\/combonianilimone.it\/?p=1793#respond\"]}]},{\"@type\":\"WebPage\",\"@id\":\"https:\/\/combonianilimone.it\/?p=1793\",\"url\":\"https:\/\/combonianilimone.it\/?p=1793\",\"name\":\"Commento al vangelo di domenica 1 febbraio 2026 - Comboniani Limone sul Garda\",\"isPartOf\":{\"@id\":\"https:\/\/combonianilimone.it\/#website\"},\"primaryImageOfPage\":{\"@id\":\"https:\/\/combonianilimone.it\/?p=1793#primaryimage\"},\"image\":{\"@id\":\"https:\/\/combonianilimone.it\/?p=1793#primaryimage\"},\"thumbnailUrl\":\"https:\/\/combonianilimone.it\/wp-content\/uploads\/2025\/05\/Colomba.jpg\",\"datePublished\":\"2026-01-31T16:55:40+00:00\",\"dateModified\":\"2026-01-31T16:56:13+00:00\",\"breadcrumb\":{\"@id\":\"https:\/\/combonianilimone.it\/?p=1793#breadcrumb\"},\"inLanguage\":\"it-IT\",\"potentialAction\":[{\"@type\":\"ReadAction\",\"target\":[\"https:\/\/combonianilimone.it\/?p=1793\"]}]},{\"@type\":\"ImageObject\",\"inLanguage\":\"it-IT\",\"@id\":\"https:\/\/combonianilimone.it\/?p=1793#primaryimage\",\"url\":\"https:\/\/combonianilimone.it\/wp-content\/uploads\/2025\/05\/Colomba.jpg\",\"contentUrl\":\"https:\/\/combonianilimone.it\/wp-content\/uploads\/2025\/05\/Colomba.jpg\",\"width\":640,\"height\":422},{\"@type\":\"BreadcrumbList\",\"@id\":\"https:\/\/combonianilimone.it\/?p=1793#breadcrumb\",\"itemListElement\":[{\"@type\":\"ListItem\",\"position\":1,\"name\":\"Home\",\"item\":\"https:\/\/combonianilimone.it\/\"},{\"@type\":\"ListItem\",\"position\":2,\"name\":\"Commento al vangelo di domenica 1 febbraio 2026\"}]},{\"@type\":\"WebSite\",\"@id\":\"https:\/\/combonianilimone.it\/#website\",\"url\":\"https:\/\/combonianilimone.it\/\",\"name\":\"Comboniani Limone sul Garda\",\"description\":\"Casa Natale di San Daniele Comboni\",\"publisher\":{\"@id\":\"https:\/\/combonianilimone.it\/#organization\"},\"potentialAction\":[{\"@type\":\"SearchAction\",\"target\":{\"@type\":\"EntryPoint\",\"urlTemplate\":\"https:\/\/combonianilimone.it\/?s={search_term_string}\"},\"query-input\":\"required name=search_term_string\"}],\"inLanguage\":\"it-IT\"},{\"@type\":\"Organization\",\"@id\":\"https:\/\/combonianilimone.it\/#organization\",\"name\":\"Missionari Comboniani Limone\",\"url\":\"https:\/\/combonianilimone.it\/\",\"logo\":{\"@type\":\"ImageObject\",\"inLanguage\":\"it-IT\",\"@id\":\"https:\/\/combonianilimone.it\/#\/schema\/logo\/image\/\",\"url\":\"https:\/\/combonianilimone.it\/wp-content\/uploads\/2020\/12\/cropped-logo-LImone-2.png\",\"contentUrl\":\"https:\/\/combonianilimone.it\/wp-content\/uploads\/2020\/12\/cropped-logo-LImone-2.png\",\"width\":512,\"height\":512,\"caption\":\"Missionari Comboniani Limone\"},\"image\":{\"@id\":\"https:\/\/combonianilimone.it\/#\/schema\/logo\/image\/\"},\"sameAs\":[\"https:\/\/www.facebook.com\/Missionari-Comboniani-Limone-sul-Garda-106606688030170\/\"]},{\"@type\":\"Person\",\"@id\":\"https:\/\/combonianilimone.it\/#\/schema\/person\/d89eb5936e9953ecd0256775a9f52dcf\",\"name\":\"vincenzo\",\"image\":{\"@type\":\"ImageObject\",\"inLanguage\":\"it-IT\",\"@id\":\"https:\/\/combonianilimone.it\/#\/schema\/person\/image\/\",\"url\":\"https:\/\/secure.gravatar.com\/avatar\/5cd1d9850ee512b5ebdc4dc6a9c60397c80a1e26a2cd617be7a41fce656a6eb8?s=96&d=mm&r=g\",\"contentUrl\":\"https:\/\/secure.gravatar.com\/avatar\/5cd1d9850ee512b5ebdc4dc6a9c60397c80a1e26a2cd617be7a41fce656a6eb8?s=96&d=mm&r=g\",\"caption\":\"vincenzo\"},\"url\":\"https:\/\/combonianilimone.it\/?author=5\"}]}<\/script>\n<!-- \/ Yoast SEO plugin. -->","yoast_head_json":{"title":"Commento al vangelo di domenica 1 febbraio 2026 - Comboniani Limone sul Garda","robots":{"index":"index","follow":"follow","max-snippet":"max-snippet:-1","max-image-preview":"max-image-preview:large","max-video-preview":"max-video-preview:-1"},"canonical":"https:\/\/combonianilimone.it\/?p=1793","og_locale":"it_IT","og_type":"article","og_title":"Commento al vangelo di domenica 1 febbraio 2026 - Comboniani Limone sul Garda","og_description":"1\u00b0 febbraio 2026 &#8211; IV domenica \/ A Il discorso delle beatitudini \u00e8 la descrizione pi\u00f9 chiara e semplice della chiamata che Dio rivolge ad ogni uomo di buona volont\u00e0. L&#8217;uomo \u00e8 l&#8217;unica creatura che non acquista la sua natura in modo predeterminato, come un cane o un cavallo. L\u2019uomo pu\u00f2 scegliere ogni giorno che [&hellip;]","og_url":"https:\/\/combonianilimone.it\/?p=1793","og_site_name":"Comboniani Limone sul Garda","article_publisher":"https:\/\/www.facebook.com\/Missionari-Comboniani-Limone-sul-Garda-106606688030170\/","article_published_time":"2026-01-31T16:55:40+00:00","article_modified_time":"2026-01-31T16:56:13+00:00","og_image":[{"width":640,"height":422,"url":"https:\/\/combonianilimone.it\/wp-content\/uploads\/2025\/05\/Colomba.jpg","type":"image\/jpeg"}],"author":"vincenzo","twitter_card":"summary_large_image","twitter_misc":{"Scritto da":"vincenzo","Tempo di lettura stimato":"4 minuti"},"schema":{"@context":"https:\/\/schema.org","@graph":[{"@type":"Article","@id":"https:\/\/combonianilimone.it\/?p=1793#article","isPartOf":{"@id":"https:\/\/combonianilimone.it\/?p=1793"},"author":{"name":"vincenzo","@id":"https:\/\/combonianilimone.it\/#\/schema\/person\/d89eb5936e9953ecd0256775a9f52dcf"},"headline":"Commento al vangelo di domenica 1 febbraio 2026","datePublished":"2026-01-31T16:55:40+00:00","dateModified":"2026-01-31T16:56:13+00:00","mainEntityOfPage":{"@id":"https:\/\/combonianilimone.it\/?p=1793"},"wordCount":629,"commentCount":0,"publisher":{"@id":"https:\/\/combonianilimone.it\/#organization"},"image":{"@id":"https:\/\/combonianilimone.it\/?p=1793#primaryimage"},"thumbnailUrl":"https:\/\/combonianilimone.it\/wp-content\/uploads\/2025\/05\/Colomba.jpg","articleSection":["attualit\u00e0"],"inLanguage":"it-IT","potentialAction":[{"@type":"CommentAction","name":"Comment","target":["https:\/\/combonianilimone.it\/?p=1793#respond"]}]},{"@type":"WebPage","@id":"https:\/\/combonianilimone.it\/?p=1793","url":"https:\/\/combonianilimone.it\/?p=1793","name":"Commento al vangelo di domenica 1 febbraio 2026 - Comboniani Limone sul Garda","isPartOf":{"@id":"https:\/\/combonianilimone.it\/#website"},"primaryImageOfPage":{"@id":"https:\/\/combonianilimone.it\/?p=1793#primaryimage"},"image":{"@id":"https:\/\/combonianilimone.it\/?p=1793#primaryimage"},"thumbnailUrl":"https:\/\/combonianilimone.it\/wp-content\/uploads\/2025\/05\/Colomba.jpg","datePublished":"2026-01-31T16:55:40+00:00","dateModified":"2026-01-31T16:56:13+00:00","breadcrumb":{"@id":"https:\/\/combonianilimone.it\/?p=1793#breadcrumb"},"inLanguage":"it-IT","potentialAction":[{"@type":"ReadAction","target":["https:\/\/combonianilimone.it\/?p=1793"]}]},{"@type":"ImageObject","inLanguage":"it-IT","@id":"https:\/\/combonianilimone.it\/?p=1793#primaryimage","url":"https:\/\/combonianilimone.it\/wp-content\/uploads\/2025\/05\/Colomba.jpg","contentUrl":"https:\/\/combonianilimone.it\/wp-content\/uploads\/2025\/05\/Colomba.jpg","width":640,"height":422},{"@type":"BreadcrumbList","@id":"https:\/\/combonianilimone.it\/?p=1793#breadcrumb","itemListElement":[{"@type":"ListItem","position":1,"name":"Home","item":"https:\/\/combonianilimone.it\/"},{"@type":"ListItem","position":2,"name":"Commento al vangelo di domenica 1 febbraio 2026"}]},{"@type":"WebSite","@id":"https:\/\/combonianilimone.it\/#website","url":"https:\/\/combonianilimone.it\/","name":"Comboniani Limone sul Garda","description":"Casa Natale di San Daniele Comboni","publisher":{"@id":"https:\/\/combonianilimone.it\/#organization"},"potentialAction":[{"@type":"SearchAction","target":{"@type":"EntryPoint","urlTemplate":"https:\/\/combonianilimone.it\/?s={search_term_string}"},"query-input":"required name=search_term_string"}],"inLanguage":"it-IT"},{"@type":"Organization","@id":"https:\/\/combonianilimone.it\/#organization","name":"Missionari Comboniani Limone","url":"https:\/\/combonianilimone.it\/","logo":{"@type":"ImageObject","inLanguage":"it-IT","@id":"https:\/\/combonianilimone.it\/#\/schema\/logo\/image\/","url":"https:\/\/combonianilimone.it\/wp-content\/uploads\/2020\/12\/cropped-logo-LImone-2.png","contentUrl":"https:\/\/combonianilimone.it\/wp-content\/uploads\/2020\/12\/cropped-logo-LImone-2.png","width":512,"height":512,"caption":"Missionari Comboniani Limone"},"image":{"@id":"https:\/\/combonianilimone.it\/#\/schema\/logo\/image\/"},"sameAs":["https:\/\/www.facebook.com\/Missionari-Comboniani-Limone-sul-Garda-106606688030170\/"]},{"@type":"Person","@id":"https:\/\/combonianilimone.it\/#\/schema\/person\/d89eb5936e9953ecd0256775a9f52dcf","name":"vincenzo","image":{"@type":"ImageObject","inLanguage":"it-IT","@id":"https:\/\/combonianilimone.it\/#\/schema\/person\/image\/","url":"https:\/\/secure.gravatar.com\/avatar\/5cd1d9850ee512b5ebdc4dc6a9c60397c80a1e26a2cd617be7a41fce656a6eb8?s=96&d=mm&r=g","contentUrl":"https:\/\/secure.gravatar.com\/avatar\/5cd1d9850ee512b5ebdc4dc6a9c60397c80a1e26a2cd617be7a41fce656a6eb8?s=96&d=mm&r=g","caption":"vincenzo"},"url":"https:\/\/combonianilimone.it\/?author=5"}]}},"_links":{"self":[{"href":"https:\/\/combonianilimone.it\/index.php?rest_route=\/wp\/v2\/posts\/1793","targetHints":{"allow":["GET"]}}],"collection":[{"href":"https:\/\/combonianilimone.it\/index.php?rest_route=\/wp\/v2\/posts"}],"about":[{"href":"https:\/\/combonianilimone.it\/index.php?rest_route=\/wp\/v2\/types\/post"}],"author":[{"embeddable":true,"href":"https:\/\/combonianilimone.it\/index.php?rest_route=\/wp\/v2\/users\/5"}],"replies":[{"embeddable":true,"href":"https:\/\/combonianilimone.it\/index.php?rest_route=%2Fwp%2Fv2%2Fcomments&post=1793"}],"version-history":[{"count":2,"href":"https:\/\/combonianilimone.it\/index.php?rest_route=\/wp\/v2\/posts\/1793\/revisions"}],"predecessor-version":[{"id":1795,"href":"https:\/\/combonianilimone.it\/index.php?rest_route=\/wp\/v2\/posts\/1793\/revisions\/1795"}],"wp:featuredmedia":[{"embeddable":true,"href":"https:\/\/combonianilimone.it\/index.php?rest_route=\/wp\/v2\/media\/1640"}],"wp:attachment":[{"href":"https:\/\/combonianilimone.it\/index.php?rest_route=%2Fwp%2Fv2%2Fmedia&parent=1793"}],"wp:term":[{"taxonomy":"category","embeddable":true,"href":"https:\/\/combonianilimone.it\/index.php?rest_route=%2Fwp%2Fv2%2Fcategories&post=1793"},{"taxonomy":"post_tag","embeddable":true,"href":"https:\/\/combonianilimone.it\/index.php?rest_route=%2Fwp%2Fv2%2Ftags&post=1793"}],"curies":[{"name":"wp","href":"https:\/\/api.w.org\/{rel}","templated":true}]}}