{"id":1787,"date":"2026-01-17T10:12:17","date_gmt":"2026-01-17T09:12:17","guid":{"rendered":"https:\/\/combonianilimone.it\/?p=1787"},"modified":"2026-01-17T10:12:17","modified_gmt":"2026-01-17T09:12:17","slug":"commento-al-vangelo-di-domenica-18-gennaio-2026-ii-anno-a","status":"publish","type":"post","link":"https:\/\/combonianilimone.it\/?p=1787","title":{"rendered":"Commento al vangelo di domenica 18 gennaio 2026 &#8211; II anno A"},"content":{"rendered":"<p><strong>Domenica 18 gennaio 2026 \u2013 II \/ A<\/strong><\/p>\n<p>Nella prima lettura il profeta Isaia riflette sulla propria vocazione ed \u00e8 tentato di pensare che la sua testimonianza non ha avuto un grande effetto. Poi per\u00f2 sembra riprendersi e riaffermare con fiducia: eppure Yahweh, che mi ha chiamato dal seno materno per ricondurre Israele a lui, sar\u00e0 la mia forza e mi render\u00e0 glorioso i suoi occhi. A questo punto interviene Dio stesso per dire: \u00e8 troppo poco quello che tu speri. Quello che noi desideriamo, in effetti, \u00e8 sempre troppo poco rispetto all\u2019amore di Dio che vuole rivelarsi nella nostra vita come \u201cesagerato\u201d. Per riversarlo su di noi, dunque, egli deve innanzitutto espandere il nostro cuore che spesso guarda alle sue promesse come irraggiungibili, ideali oppure addirittura fantasiose e che quindi si accontenta di troppo poco. \u00c8 questo, appunto, ci\u00f2 che accade a Giovanni al Giordano.<\/p>\n<p>Dopo aver battezzato Ges\u00f9, Giovanni poteva pensare che a quel punto la sua missione fosse compiuta e che Ges\u00f9 avrebbe preso il testimone e cominciato il suo ministero in maniera autonoma. Invece lo vede il giorno dopo tornare verso di lui. Questo ritorno di Ges\u00f9, questi incontri ripetuti con lui, lentamente gli aprono gli occhi e gli allargano il cuore. Io non lo conoscevo, ripete per ben due volte Giovanni. Certo egli sapeva chi fosse umanamente l&#8217;uomo Ges\u00f9, ma non ne aveva la conoscenza profonda che viene dalla fede. Adesso intuisce che Ges\u00f9 \u00e8 insieme l&#8217;agnello di Dio ed il figlio di Dio. La parola usata da Giovanni per parlare dell&#8217;agnello non si riferisce all&#8217;agnello del gregge, ma propriamente a quello preparato per essere vittima sacrificale.<\/p>\n<p>Giovanni riconosce, insomma, che in Ges\u00f9 si realizza una duplice missione: quella di portare il peccato del cosmo, in quanto agnello, e quella di dare lo Spirito Santo, in quanto figlio di Dio. La missione cio\u00e8 di far scaturire dal suo sacrificio, non la morte, ma la vita in abbondanza che ha la sua origine nella vita del padre. \u00c8 a questa vita che nasce dal padre e che ci raggiunge attraverso il battesimo che Paolo si riferisce quando dice ai Corinzi: grazia e pace da Dio padre nostro. Quella mansuetudine divina che Giovanni ha riconosciuto nel Figlio, agnello di Dio, cos\u00ec contraria allo spirito guerrafondaio del nostro tempo, deve riversarsi in ognuno che crede come pace e grazia.<\/p>\n<p>Facendosi agnello sacrificale per noi, infatti, Ges\u00f9 non annulla magicamente il peccato ma ne prende su di s\u00e9 il peso perch\u00e9 noi possiamo essere trasformati a sua immagine. L\u2019espressione tipica della nostra natura di peccato non \u00e8 solo la violazione dei comandamenti ma \u00e8 piuttosto quella universale e quasi inconsapevole inclinazione a dire \u201cprima io\u201d, in tutte le cose. Da tale inclinazione nascono violenza, competizione, ingiustizie personali e sociali. La natura purificata dal peccato \u00e8 quella che Giovanni riconosce per la fede in Ges\u00f9 agnello sul quale si posa lo spirito come colomba. Una natura cio\u00e8 non pi\u00f9 autoreferenziale e individualista bens\u00ec tendente alla mitezza e alla comunione.<\/p>\n<p>Questa luce permette a Giovanni di dire: Colui che viene dietro a me \u00e8 prima di me. Per lui non \u00e8 pi\u00f9 importante dire \u201cprima io\u201d in quanto scopre che \u201cnon si \u00e8 fatto da solo\u201d e che prima di ogni sua iniziativa o merito vi era un agnello mite e al contempo forte abbastanza per portare il peso del suo peccato. \u00a0Il Figlio di Dio, si \u00e8 fatto servo ed agnello, affinch\u00e9, dice Paolo, tutti coloro che invocano il suo nome, tutti coloro che si rivolgono a lui sinceramente per un aiuto nel loro combattimento contro il male che li appesantisce, possano essere purificati, resi liberi abbastanza per adattare la loro volont\u00e0 all\u2019amore dello spirito santo.<\/p>\n<p>La purificazione procede dall\u2019orgoglio alla mitezza oppure dalla paura dell\u2019altro alla comunione. Sono appunto la mitezza e la comunione che attirano lo Spirito Santo e ci fanno figli nel Figlio, portatori della vita divina e quindi davvero santi come lo era lui. Siamo gi\u00e0 santi ma anche lo diventiamo. Siamo gi\u00e0 figli di Dio ma anche lo diventiamo. Non sappiamo quello che saremo. Sappiamo per\u00f2 che saremo simili a Dio e che lo vedremo come egli \u00e8.<\/p>\n","protected":false},"excerpt":{"rendered":"<p>Domenica 18 gennaio 2026 \u2013 II \/ A Nella prima lettura il profeta Isaia riflette sulla propria vocazione ed \u00e8 tentato di pensare che la sua testimonianza non ha avuto un grande effetto. Poi per\u00f2 sembra riprendersi e riaffermare con fiducia: eppure Yahweh, che mi ha chiamato dal seno materno per ricondurre Israele a lui, [&hellip;]<\/p>\n","protected":false},"author":5,"featured_media":1633,"comment_status":"open","ping_status":"open","sticky":false,"template":"","format":"standard","meta":{"_et_pb_use_builder":"","_et_pb_old_content":"","_et_gb_content_width":"","footnotes":""},"categories":[5],"tags":[],"class_list":["post-1787","post","type-post","status-publish","format-standard","has-post-thumbnail","hentry","category-attualita"],"yoast_head":"<!-- This site is optimized with the Yoast SEO plugin v23.2 - https:\/\/yoast.com\/wordpress\/plugins\/seo\/ -->\n<title>Commento al vangelo di domenica 18 gennaio 2026 - II anno A - Comboniani Limone sul Garda<\/title>\n<meta name=\"robots\" content=\"index, follow, max-snippet:-1, max-image-preview:large, max-video-preview:-1\" \/>\n<link rel=\"canonical\" href=\"https:\/\/combonianilimone.it\/?p=1787\" \/>\n<meta property=\"og:locale\" content=\"it_IT\" \/>\n<meta property=\"og:type\" content=\"article\" \/>\n<meta property=\"og:title\" content=\"Commento al vangelo di domenica 18 gennaio 2026 - II anno A - Comboniani Limone sul Garda\" \/>\n<meta property=\"og:description\" content=\"Domenica 18 gennaio 2026 \u2013 II \/ A Nella prima lettura il profeta Isaia riflette sulla propria vocazione ed \u00e8 tentato di pensare che la sua testimonianza non ha avuto un grande effetto. Poi per\u00f2 sembra riprendersi e riaffermare con fiducia: eppure Yahweh, che mi ha chiamato dal seno materno per ricondurre Israele a lui, [&hellip;]\" \/>\n<meta property=\"og:url\" content=\"https:\/\/combonianilimone.it\/?p=1787\" \/>\n<meta property=\"og:site_name\" content=\"Comboniani Limone sul Garda\" \/>\n<meta property=\"article:publisher\" content=\"https:\/\/www.facebook.com\/Missionari-Comboniani-Limone-sul-Garda-106606688030170\/\" \/>\n<meta property=\"article:published_time\" content=\"2026-01-17T09:12:17+00:00\" \/>\n<meta property=\"og:image\" content=\"https:\/\/combonianilimone.it\/wp-content\/uploads\/2025\/05\/Agnello-1.jpg\" \/>\n\t<meta property=\"og:image:width\" content=\"640\" \/>\n\t<meta property=\"og:image:height\" content=\"427\" \/>\n\t<meta property=\"og:image:type\" content=\"image\/jpeg\" \/>\n<meta name=\"author\" content=\"vincenzo\" \/>\n<meta name=\"twitter:card\" content=\"summary_large_image\" \/>\n<meta name=\"twitter:label1\" content=\"Scritto da\" \/>\n\t<meta name=\"twitter:data1\" content=\"vincenzo\" \/>\n\t<meta name=\"twitter:label2\" content=\"Tempo di lettura stimato\" \/>\n\t<meta name=\"twitter:data2\" content=\"4 minuti\" \/>\n<script type=\"application\/ld+json\" class=\"yoast-schema-graph\">{\"@context\":\"https:\/\/schema.org\",\"@graph\":[{\"@type\":\"Article\",\"@id\":\"https:\/\/combonianilimone.it\/?p=1787#article\",\"isPartOf\":{\"@id\":\"https:\/\/combonianilimone.it\/?p=1787\"},\"author\":{\"name\":\"vincenzo\",\"@id\":\"https:\/\/combonianilimone.it\/#\/schema\/person\/d89eb5936e9953ecd0256775a9f52dcf\"},\"headline\":\"Commento al vangelo di domenica 18 gennaio 2026 &#8211; II anno A\",\"datePublished\":\"2026-01-17T09:12:17+00:00\",\"dateModified\":\"2026-01-17T09:12:17+00:00\",\"mainEntityOfPage\":{\"@id\":\"https:\/\/combonianilimone.it\/?p=1787\"},\"wordCount\":690,\"commentCount\":0,\"publisher\":{\"@id\":\"https:\/\/combonianilimone.it\/#organization\"},\"image\":{\"@id\":\"https:\/\/combonianilimone.it\/?p=1787#primaryimage\"},\"thumbnailUrl\":\"https:\/\/combonianilimone.it\/wp-content\/uploads\/2025\/05\/Agnello-1.jpg\",\"articleSection\":[\"attualit\u00e0\"],\"inLanguage\":\"it-IT\",\"potentialAction\":[{\"@type\":\"CommentAction\",\"name\":\"Comment\",\"target\":[\"https:\/\/combonianilimone.it\/?p=1787#respond\"]}]},{\"@type\":\"WebPage\",\"@id\":\"https:\/\/combonianilimone.it\/?p=1787\",\"url\":\"https:\/\/combonianilimone.it\/?p=1787\",\"name\":\"Commento al vangelo di domenica 18 gennaio 2026 - II anno A - Comboniani Limone sul Garda\",\"isPartOf\":{\"@id\":\"https:\/\/combonianilimone.it\/#website\"},\"primaryImageOfPage\":{\"@id\":\"https:\/\/combonianilimone.it\/?p=1787#primaryimage\"},\"image\":{\"@id\":\"https:\/\/combonianilimone.it\/?p=1787#primaryimage\"},\"thumbnailUrl\":\"https:\/\/combonianilimone.it\/wp-content\/uploads\/2025\/05\/Agnello-1.jpg\",\"datePublished\":\"2026-01-17T09:12:17+00:00\",\"dateModified\":\"2026-01-17T09:12:17+00:00\",\"breadcrumb\":{\"@id\":\"https:\/\/combonianilimone.it\/?p=1787#breadcrumb\"},\"inLanguage\":\"it-IT\",\"potentialAction\":[{\"@type\":\"ReadAction\",\"target\":[\"https:\/\/combonianilimone.it\/?p=1787\"]}]},{\"@type\":\"ImageObject\",\"inLanguage\":\"it-IT\",\"@id\":\"https:\/\/combonianilimone.it\/?p=1787#primaryimage\",\"url\":\"https:\/\/combonianilimone.it\/wp-content\/uploads\/2025\/05\/Agnello-1.jpg\",\"contentUrl\":\"https:\/\/combonianilimone.it\/wp-content\/uploads\/2025\/05\/Agnello-1.jpg\",\"width\":640,\"height\":427},{\"@type\":\"BreadcrumbList\",\"@id\":\"https:\/\/combonianilimone.it\/?p=1787#breadcrumb\",\"itemListElement\":[{\"@type\":\"ListItem\",\"position\":1,\"name\":\"Home\",\"item\":\"https:\/\/combonianilimone.it\/\"},{\"@type\":\"ListItem\",\"position\":2,\"name\":\"Commento al vangelo di domenica 18 gennaio 2026 &#8211; II anno A\"}]},{\"@type\":\"WebSite\",\"@id\":\"https:\/\/combonianilimone.it\/#website\",\"url\":\"https:\/\/combonianilimone.it\/\",\"name\":\"Comboniani Limone sul Garda\",\"description\":\"Casa Natale di San Daniele Comboni\",\"publisher\":{\"@id\":\"https:\/\/combonianilimone.it\/#organization\"},\"potentialAction\":[{\"@type\":\"SearchAction\",\"target\":{\"@type\":\"EntryPoint\",\"urlTemplate\":\"https:\/\/combonianilimone.it\/?s={search_term_string}\"},\"query-input\":\"required name=search_term_string\"}],\"inLanguage\":\"it-IT\"},{\"@type\":\"Organization\",\"@id\":\"https:\/\/combonianilimone.it\/#organization\",\"name\":\"Missionari Comboniani Limone\",\"url\":\"https:\/\/combonianilimone.it\/\",\"logo\":{\"@type\":\"ImageObject\",\"inLanguage\":\"it-IT\",\"@id\":\"https:\/\/combonianilimone.it\/#\/schema\/logo\/image\/\",\"url\":\"https:\/\/combonianilimone.it\/wp-content\/uploads\/2020\/12\/cropped-logo-LImone-2.png\",\"contentUrl\":\"https:\/\/combonianilimone.it\/wp-content\/uploads\/2020\/12\/cropped-logo-LImone-2.png\",\"width\":512,\"height\":512,\"caption\":\"Missionari Comboniani Limone\"},\"image\":{\"@id\":\"https:\/\/combonianilimone.it\/#\/schema\/logo\/image\/\"},\"sameAs\":[\"https:\/\/www.facebook.com\/Missionari-Comboniani-Limone-sul-Garda-106606688030170\/\"]},{\"@type\":\"Person\",\"@id\":\"https:\/\/combonianilimone.it\/#\/schema\/person\/d89eb5936e9953ecd0256775a9f52dcf\",\"name\":\"vincenzo\",\"image\":{\"@type\":\"ImageObject\",\"inLanguage\":\"it-IT\",\"@id\":\"https:\/\/combonianilimone.it\/#\/schema\/person\/image\/\",\"url\":\"https:\/\/secure.gravatar.com\/avatar\/5cd1d9850ee512b5ebdc4dc6a9c60397c80a1e26a2cd617be7a41fce656a6eb8?s=96&d=mm&r=g\",\"contentUrl\":\"https:\/\/secure.gravatar.com\/avatar\/5cd1d9850ee512b5ebdc4dc6a9c60397c80a1e26a2cd617be7a41fce656a6eb8?s=96&d=mm&r=g\",\"caption\":\"vincenzo\"},\"url\":\"https:\/\/combonianilimone.it\/?author=5\"}]}<\/script>\n<!-- \/ Yoast SEO plugin. -->","yoast_head_json":{"title":"Commento al vangelo di domenica 18 gennaio 2026 - II anno A - Comboniani Limone sul Garda","robots":{"index":"index","follow":"follow","max-snippet":"max-snippet:-1","max-image-preview":"max-image-preview:large","max-video-preview":"max-video-preview:-1"},"canonical":"https:\/\/combonianilimone.it\/?p=1787","og_locale":"it_IT","og_type":"article","og_title":"Commento al vangelo di domenica 18 gennaio 2026 - II anno A - Comboniani Limone sul Garda","og_description":"Domenica 18 gennaio 2026 \u2013 II \/ A Nella prima lettura il profeta Isaia riflette sulla propria vocazione ed \u00e8 tentato di pensare che la sua testimonianza non ha avuto un grande effetto. Poi per\u00f2 sembra riprendersi e riaffermare con fiducia: eppure Yahweh, che mi ha chiamato dal seno materno per ricondurre Israele a lui, [&hellip;]","og_url":"https:\/\/combonianilimone.it\/?p=1787","og_site_name":"Comboniani Limone sul Garda","article_publisher":"https:\/\/www.facebook.com\/Missionari-Comboniani-Limone-sul-Garda-106606688030170\/","article_published_time":"2026-01-17T09:12:17+00:00","og_image":[{"width":640,"height":427,"url":"https:\/\/combonianilimone.it\/wp-content\/uploads\/2025\/05\/Agnello-1.jpg","type":"image\/jpeg"}],"author":"vincenzo","twitter_card":"summary_large_image","twitter_misc":{"Scritto da":"vincenzo","Tempo di lettura stimato":"4 minuti"},"schema":{"@context":"https:\/\/schema.org","@graph":[{"@type":"Article","@id":"https:\/\/combonianilimone.it\/?p=1787#article","isPartOf":{"@id":"https:\/\/combonianilimone.it\/?p=1787"},"author":{"name":"vincenzo","@id":"https:\/\/combonianilimone.it\/#\/schema\/person\/d89eb5936e9953ecd0256775a9f52dcf"},"headline":"Commento al vangelo di domenica 18 gennaio 2026 &#8211; II anno A","datePublished":"2026-01-17T09:12:17+00:00","dateModified":"2026-01-17T09:12:17+00:00","mainEntityOfPage":{"@id":"https:\/\/combonianilimone.it\/?p=1787"},"wordCount":690,"commentCount":0,"publisher":{"@id":"https:\/\/combonianilimone.it\/#organization"},"image":{"@id":"https:\/\/combonianilimone.it\/?p=1787#primaryimage"},"thumbnailUrl":"https:\/\/combonianilimone.it\/wp-content\/uploads\/2025\/05\/Agnello-1.jpg","articleSection":["attualit\u00e0"],"inLanguage":"it-IT","potentialAction":[{"@type":"CommentAction","name":"Comment","target":["https:\/\/combonianilimone.it\/?p=1787#respond"]}]},{"@type":"WebPage","@id":"https:\/\/combonianilimone.it\/?p=1787","url":"https:\/\/combonianilimone.it\/?p=1787","name":"Commento al vangelo di domenica 18 gennaio 2026 - II anno A - Comboniani Limone sul Garda","isPartOf":{"@id":"https:\/\/combonianilimone.it\/#website"},"primaryImageOfPage":{"@id":"https:\/\/combonianilimone.it\/?p=1787#primaryimage"},"image":{"@id":"https:\/\/combonianilimone.it\/?p=1787#primaryimage"},"thumbnailUrl":"https:\/\/combonianilimone.it\/wp-content\/uploads\/2025\/05\/Agnello-1.jpg","datePublished":"2026-01-17T09:12:17+00:00","dateModified":"2026-01-17T09:12:17+00:00","breadcrumb":{"@id":"https:\/\/combonianilimone.it\/?p=1787#breadcrumb"},"inLanguage":"it-IT","potentialAction":[{"@type":"ReadAction","target":["https:\/\/combonianilimone.it\/?p=1787"]}]},{"@type":"ImageObject","inLanguage":"it-IT","@id":"https:\/\/combonianilimone.it\/?p=1787#primaryimage","url":"https:\/\/combonianilimone.it\/wp-content\/uploads\/2025\/05\/Agnello-1.jpg","contentUrl":"https:\/\/combonianilimone.it\/wp-content\/uploads\/2025\/05\/Agnello-1.jpg","width":640,"height":427},{"@type":"BreadcrumbList","@id":"https:\/\/combonianilimone.it\/?p=1787#breadcrumb","itemListElement":[{"@type":"ListItem","position":1,"name":"Home","item":"https:\/\/combonianilimone.it\/"},{"@type":"ListItem","position":2,"name":"Commento al vangelo di domenica 18 gennaio 2026 &#8211; II anno A"}]},{"@type":"WebSite","@id":"https:\/\/combonianilimone.it\/#website","url":"https:\/\/combonianilimone.it\/","name":"Comboniani Limone sul Garda","description":"Casa Natale di San Daniele Comboni","publisher":{"@id":"https:\/\/combonianilimone.it\/#organization"},"potentialAction":[{"@type":"SearchAction","target":{"@type":"EntryPoint","urlTemplate":"https:\/\/combonianilimone.it\/?s={search_term_string}"},"query-input":"required name=search_term_string"}],"inLanguage":"it-IT"},{"@type":"Organization","@id":"https:\/\/combonianilimone.it\/#organization","name":"Missionari Comboniani Limone","url":"https:\/\/combonianilimone.it\/","logo":{"@type":"ImageObject","inLanguage":"it-IT","@id":"https:\/\/combonianilimone.it\/#\/schema\/logo\/image\/","url":"https:\/\/combonianilimone.it\/wp-content\/uploads\/2020\/12\/cropped-logo-LImone-2.png","contentUrl":"https:\/\/combonianilimone.it\/wp-content\/uploads\/2020\/12\/cropped-logo-LImone-2.png","width":512,"height":512,"caption":"Missionari Comboniani Limone"},"image":{"@id":"https:\/\/combonianilimone.it\/#\/schema\/logo\/image\/"},"sameAs":["https:\/\/www.facebook.com\/Missionari-Comboniani-Limone-sul-Garda-106606688030170\/"]},{"@type":"Person","@id":"https:\/\/combonianilimone.it\/#\/schema\/person\/d89eb5936e9953ecd0256775a9f52dcf","name":"vincenzo","image":{"@type":"ImageObject","inLanguage":"it-IT","@id":"https:\/\/combonianilimone.it\/#\/schema\/person\/image\/","url":"https:\/\/secure.gravatar.com\/avatar\/5cd1d9850ee512b5ebdc4dc6a9c60397c80a1e26a2cd617be7a41fce656a6eb8?s=96&d=mm&r=g","contentUrl":"https:\/\/secure.gravatar.com\/avatar\/5cd1d9850ee512b5ebdc4dc6a9c60397c80a1e26a2cd617be7a41fce656a6eb8?s=96&d=mm&r=g","caption":"vincenzo"},"url":"https:\/\/combonianilimone.it\/?author=5"}]}},"_links":{"self":[{"href":"https:\/\/combonianilimone.it\/index.php?rest_route=\/wp\/v2\/posts\/1787","targetHints":{"allow":["GET"]}}],"collection":[{"href":"https:\/\/combonianilimone.it\/index.php?rest_route=\/wp\/v2\/posts"}],"about":[{"href":"https:\/\/combonianilimone.it\/index.php?rest_route=\/wp\/v2\/types\/post"}],"author":[{"embeddable":true,"href":"https:\/\/combonianilimone.it\/index.php?rest_route=\/wp\/v2\/users\/5"}],"replies":[{"embeddable":true,"href":"https:\/\/combonianilimone.it\/index.php?rest_route=%2Fwp%2Fv2%2Fcomments&post=1787"}],"version-history":[{"count":1,"href":"https:\/\/combonianilimone.it\/index.php?rest_route=\/wp\/v2\/posts\/1787\/revisions"}],"predecessor-version":[{"id":1788,"href":"https:\/\/combonianilimone.it\/index.php?rest_route=\/wp\/v2\/posts\/1787\/revisions\/1788"}],"wp:featuredmedia":[{"embeddable":true,"href":"https:\/\/combonianilimone.it\/index.php?rest_route=\/wp\/v2\/media\/1633"}],"wp:attachment":[{"href":"https:\/\/combonianilimone.it\/index.php?rest_route=%2Fwp%2Fv2%2Fmedia&parent=1787"}],"wp:term":[{"taxonomy":"category","embeddable":true,"href":"https:\/\/combonianilimone.it\/index.php?rest_route=%2Fwp%2Fv2%2Fcategories&post=1787"},{"taxonomy":"post_tag","embeddable":true,"href":"https:\/\/combonianilimone.it\/index.php?rest_route=%2Fwp%2Fv2%2Ftags&post=1787"}],"curies":[{"name":"wp","href":"https:\/\/api.w.org\/{rel}","templated":true}]}}