{"id":1783,"date":"2026-01-10T10:06:42","date_gmt":"2026-01-10T09:06:42","guid":{"rendered":"https:\/\/combonianilimone.it\/?p=1783"},"modified":"2026-01-10T10:06:42","modified_gmt":"2026-01-10T09:06:42","slug":"commento-al-vangelo-di-domenica-11-gennaio-2026-battesimo-del-signore-a","status":"publish","type":"post","link":"https:\/\/combonianilimone.it\/?p=1783","title":{"rendered":"Commento al vangelo di domenica 11 gennaio 2026 &#8211; Battesimo del Signore \/ A"},"content":{"rendered":"<p><strong>11 gennaio 2026 &#8211; Battesimo del Signore &#8211; A<\/strong><\/p>\n<p>Il battesimo del Signore conclude il ciclo natalizio e svela in pienezza il mistero dell&#8217;incarnazione dando compimento alla parola che Dio stesso aveva pronunciato nel profeta Isaia a riguardo del suo servo: ti dar\u00f2 come alleanza al popolo, come luce ai gentili e come liberatore a coloro che sono prigionieri e vivono nelle tenebre. A Betlemme, infatti, la nascita di Ges\u00f9 conferma l&#8217;alleanza di Dio con il suo popolo. La visita dei re Magi rivela Ges\u00f9 al mondo come luce dei gentili. Il battesimo al Giordano, infine, lo manifesta come liberatore di coloro che sono prigionieri del peccato. Questo compimento delle promesse supera ogni ragionevole aspettativa.<\/p>\n<p>Nessuno poteva immaginare un Dio che si umilia scendendo sempre pi\u00f9 in basso, fino a cercare i peccatori e avvicinarsi a loro non con severit\u00e0, con ira o con la condiscendenza di chi \u00e8 moralmente superiore, ma con il desiderio di farsi uno con loro, in maniera tale che chiunque pecca, rivolgendosi a lui, si senta non giudicato ma come \u201csostenuto dal basso\u201d nel cammino di ritorno. Non a caso, in Isaia, si legge che il servo di Yahweh non grider\u00e0, non spezzer\u00e0 la canna incrinata e non spegner\u00e0 il lucignolo fumigante. Sar\u00e0 come uno che si avvicina non per regolare i conti ma per curare e guarire ci\u00f2 che sembra senza speranza. Solo una persona radicalmente buona pu\u00f2 avvicinarsi cos\u00ec ai cattivi, senza giudizio e al contempo senza complicit\u00e0.<\/p>\n<p>Nessuna immagine, dunque, meglio del battesimo di Ges\u00f9 al Giordano poteva manifestare meglio questo sorprendente atteggiamento di Dio verso l&#8217;uomo e le conseguenze ultime dell&#8217;incarnazione. Poco dopo che Giovanni aveva annunciato la venuta del messia che battezza con fuoco e taglia alla radice l&#8217;albero secco ecco avvicinarsi Ges\u00f9 per farsi battezzare. La cosa sorprende talmente lo stesso Giovanni da suscitare una vivace resistenza da parte sua. In questione, in tal caso, non era semplicemente chi fosse il pi\u00f9 grande quanto pi\u00f9 radicalmente chi fosse il pi\u00f9 giusto. E paradossalmente il pi\u00f9 giusto si rivela non colui che afferma la propria santit\u00e0 ma colui che riconosce quella dell&#8217;altro. Non sar\u00e0, infatti, la giustizia di Giovanni ad attirare lo Spirito Santo in forma di colomba ma appunto l&#8217;umilt\u00e0 di Ges\u00f9.<\/p>\n<p>Questo significa che non sono i meriti, i risultati, l&#8217;eccezionalit\u00e0 della vita che salvano ma \u00e8 piuttosto l&#8217;umilt\u00e0 del cuore. O meglio ancora \u00e8 l&#8217;umilt\u00e0 del cuore che dispone pi\u00f9 di ogni altra cosa Dio a salvarci con facilit\u00e0 e rapidit\u00e0. Il figliol prodigo e il buon ladrone sulla croce ne saranno la conferma. La severit\u00e0 della predicazione di Giovanni non era fuori luogo o sbagliata, ma la sua funzione non era tanto quella di descrivere come Dio avrebbe operato, quanto quella di illuminare \u201cper contrasto\u201d quanto reale e profonda fosse l&#8217;umiliazione di Ges\u00f9 e la sua mitezza. Solo se diventiamo consapevoli di essere \u201cmeritevoli di ira\u201d possiamo apprezzare fino in fondo la immeritata misericordia di Cristo. In questa logica dell&#8217;umilt\u00e0 che salva nessuno pu\u00f2 pi\u00f9 disperare, nessuno pu\u00f2 sentirsi troppo indegno, nessuno deve temere di essere rifiutato.<\/p>\n<p>Ma per entrare in questa logica tutti devono convertirsi, anche i santi come Giovanni Battista. Tutti devono passare continuamente da una mentalit\u00e0 dominata dalla logica del pi\u00f9 giusto, che giudica gli altri dall\u2019alto, alla logica del pi\u00f9 umile che guarda con misericordia il debole come da un punto pi\u00f9 basso. Cos\u00ec accade che, come al Giordano, il debole battezza il forte in quanto diventa occasione perch\u00e9 questi, purificato da ogni orgoglio, riveli la sua disponibilit\u00e0 ad amare. In tal senso Ges\u00f9 pu\u00f2 dire a Giovanni, e a ciascuno di noi: \u00e8 cos\u00ec che noi compiamo ogni giustizia. Noi due insieme. Non io da solo. Non tu da solo. Insieme. Dio non voleva che noi vincessimo il peccato solo per la forza di Ges\u00f9, ma nemmeno che ne restassimo vittime solo per la nostra debolezza. Dio ha voluto che nella comunione con il figlio suo si compisse ogni giustizia: quella dell\u2019uomo, che consiste fondamentalmente nell\u2019umilt\u00e0, e quella di Dio che si realizza fondamentalmente nella misericordia.<\/p>\n","protected":false},"excerpt":{"rendered":"<p>11 gennaio 2026 &#8211; Battesimo del Signore &#8211; A Il battesimo del Signore conclude il ciclo natalizio e svela in pienezza il mistero dell&#8217;incarnazione dando compimento alla parola che Dio stesso aveva pronunciato nel profeta Isaia a riguardo del suo servo: ti dar\u00f2 come alleanza al popolo, come luce ai gentili e come liberatore a [&hellip;]<\/p>\n","protected":false},"author":5,"featured_media":1784,"comment_status":"open","ping_status":"open","sticky":false,"template":"","format":"standard","meta":{"_et_pb_use_builder":"","_et_pb_old_content":"","_et_gb_content_width":"","footnotes":""},"categories":[5],"tags":[],"class_list":["post-1783","post","type-post","status-publish","format-standard","has-post-thumbnail","hentry","category-attualita"],"yoast_head":"<!-- This site is optimized with the Yoast SEO plugin v23.2 - https:\/\/yoast.com\/wordpress\/plugins\/seo\/ -->\n<title>Commento al vangelo di domenica 11 gennaio 2026 - Battesimo del Signore \/ A - Comboniani Limone sul Garda<\/title>\n<meta name=\"robots\" content=\"index, follow, max-snippet:-1, max-image-preview:large, max-video-preview:-1\" \/>\n<link rel=\"canonical\" href=\"https:\/\/combonianilimone.it\/?p=1783\" \/>\n<meta property=\"og:locale\" content=\"it_IT\" \/>\n<meta property=\"og:type\" content=\"article\" \/>\n<meta property=\"og:title\" content=\"Commento al vangelo di domenica 11 gennaio 2026 - Battesimo del Signore \/ A - Comboniani Limone sul Garda\" \/>\n<meta property=\"og:description\" content=\"11 gennaio 2026 &#8211; Battesimo del Signore &#8211; A Il battesimo del Signore conclude il ciclo natalizio e svela in pienezza il mistero dell&#8217;incarnazione dando compimento alla parola che Dio stesso aveva pronunciato nel profeta Isaia a riguardo del suo servo: ti dar\u00f2 come alleanza al popolo, come luce ai gentili e come liberatore a [&hellip;]\" \/>\n<meta property=\"og:url\" content=\"https:\/\/combonianilimone.it\/?p=1783\" \/>\n<meta property=\"og:site_name\" content=\"Comboniani Limone sul Garda\" \/>\n<meta property=\"article:publisher\" content=\"https:\/\/www.facebook.com\/Missionari-Comboniani-Limone-sul-Garda-106606688030170\/\" \/>\n<meta property=\"article:published_time\" content=\"2026-01-10T09:06:42+00:00\" \/>\n<meta property=\"og:image\" content=\"https:\/\/combonianilimone.it\/wp-content\/uploads\/2026\/01\/JESUS-Baptsim-07.jpg\" \/>\n\t<meta property=\"og:image:width\" content=\"1024\" \/>\n\t<meta property=\"og:image:height\" content=\"768\" \/>\n\t<meta property=\"og:image:type\" content=\"image\/jpeg\" \/>\n<meta name=\"author\" content=\"vincenzo\" \/>\n<meta name=\"twitter:card\" content=\"summary_large_image\" \/>\n<meta name=\"twitter:label1\" content=\"Scritto da\" \/>\n\t<meta name=\"twitter:data1\" content=\"vincenzo\" \/>\n\t<meta name=\"twitter:label2\" content=\"Tempo di lettura stimato\" \/>\n\t<meta name=\"twitter:data2\" content=\"4 minuti\" \/>\n<script type=\"application\/ld+json\" class=\"yoast-schema-graph\">{\"@context\":\"https:\/\/schema.org\",\"@graph\":[{\"@type\":\"Article\",\"@id\":\"https:\/\/combonianilimone.it\/?p=1783#article\",\"isPartOf\":{\"@id\":\"https:\/\/combonianilimone.it\/?p=1783\"},\"author\":{\"name\":\"vincenzo\",\"@id\":\"https:\/\/combonianilimone.it\/#\/schema\/person\/d89eb5936e9953ecd0256775a9f52dcf\"},\"headline\":\"Commento al vangelo di domenica 11 gennaio 2026 &#8211; Battesimo del Signore \/ A\",\"datePublished\":\"2026-01-10T09:06:42+00:00\",\"dateModified\":\"2026-01-10T09:06:42+00:00\",\"mainEntityOfPage\":{\"@id\":\"https:\/\/combonianilimone.it\/?p=1783\"},\"wordCount\":683,\"commentCount\":0,\"publisher\":{\"@id\":\"https:\/\/combonianilimone.it\/#organization\"},\"image\":{\"@id\":\"https:\/\/combonianilimone.it\/?p=1783#primaryimage\"},\"thumbnailUrl\":\"https:\/\/combonianilimone.it\/wp-content\/uploads\/2026\/01\/JESUS-Baptsim-07.jpg\",\"articleSection\":[\"attualit\u00e0\"],\"inLanguage\":\"it-IT\",\"potentialAction\":[{\"@type\":\"CommentAction\",\"name\":\"Comment\",\"target\":[\"https:\/\/combonianilimone.it\/?p=1783#respond\"]}]},{\"@type\":\"WebPage\",\"@id\":\"https:\/\/combonianilimone.it\/?p=1783\",\"url\":\"https:\/\/combonianilimone.it\/?p=1783\",\"name\":\"Commento al vangelo di domenica 11 gennaio 2026 - Battesimo del Signore \/ A - Comboniani Limone sul Garda\",\"isPartOf\":{\"@id\":\"https:\/\/combonianilimone.it\/#website\"},\"primaryImageOfPage\":{\"@id\":\"https:\/\/combonianilimone.it\/?p=1783#primaryimage\"},\"image\":{\"@id\":\"https:\/\/combonianilimone.it\/?p=1783#primaryimage\"},\"thumbnailUrl\":\"https:\/\/combonianilimone.it\/wp-content\/uploads\/2026\/01\/JESUS-Baptsim-07.jpg\",\"datePublished\":\"2026-01-10T09:06:42+00:00\",\"dateModified\":\"2026-01-10T09:06:42+00:00\",\"breadcrumb\":{\"@id\":\"https:\/\/combonianilimone.it\/?p=1783#breadcrumb\"},\"inLanguage\":\"it-IT\",\"potentialAction\":[{\"@type\":\"ReadAction\",\"target\":[\"https:\/\/combonianilimone.it\/?p=1783\"]}]},{\"@type\":\"ImageObject\",\"inLanguage\":\"it-IT\",\"@id\":\"https:\/\/combonianilimone.it\/?p=1783#primaryimage\",\"url\":\"https:\/\/combonianilimone.it\/wp-content\/uploads\/2026\/01\/JESUS-Baptsim-07.jpg\",\"contentUrl\":\"https:\/\/combonianilimone.it\/wp-content\/uploads\/2026\/01\/JESUS-Baptsim-07.jpg\",\"width\":1024,\"height\":768},{\"@type\":\"BreadcrumbList\",\"@id\":\"https:\/\/combonianilimone.it\/?p=1783#breadcrumb\",\"itemListElement\":[{\"@type\":\"ListItem\",\"position\":1,\"name\":\"Home\",\"item\":\"https:\/\/combonianilimone.it\/\"},{\"@type\":\"ListItem\",\"position\":2,\"name\":\"Commento al vangelo di domenica 11 gennaio 2026 &#8211; Battesimo del Signore \/ A\"}]},{\"@type\":\"WebSite\",\"@id\":\"https:\/\/combonianilimone.it\/#website\",\"url\":\"https:\/\/combonianilimone.it\/\",\"name\":\"Comboniani Limone sul Garda\",\"description\":\"Casa Natale di San Daniele Comboni\",\"publisher\":{\"@id\":\"https:\/\/combonianilimone.it\/#organization\"},\"potentialAction\":[{\"@type\":\"SearchAction\",\"target\":{\"@type\":\"EntryPoint\",\"urlTemplate\":\"https:\/\/combonianilimone.it\/?s={search_term_string}\"},\"query-input\":\"required name=search_term_string\"}],\"inLanguage\":\"it-IT\"},{\"@type\":\"Organization\",\"@id\":\"https:\/\/combonianilimone.it\/#organization\",\"name\":\"Missionari Comboniani Limone\",\"url\":\"https:\/\/combonianilimone.it\/\",\"logo\":{\"@type\":\"ImageObject\",\"inLanguage\":\"it-IT\",\"@id\":\"https:\/\/combonianilimone.it\/#\/schema\/logo\/image\/\",\"url\":\"https:\/\/combonianilimone.it\/wp-content\/uploads\/2020\/12\/cropped-logo-LImone-2.png\",\"contentUrl\":\"https:\/\/combonianilimone.it\/wp-content\/uploads\/2020\/12\/cropped-logo-LImone-2.png\",\"width\":512,\"height\":512,\"caption\":\"Missionari Comboniani Limone\"},\"image\":{\"@id\":\"https:\/\/combonianilimone.it\/#\/schema\/logo\/image\/\"},\"sameAs\":[\"https:\/\/www.facebook.com\/Missionari-Comboniani-Limone-sul-Garda-106606688030170\/\"]},{\"@type\":\"Person\",\"@id\":\"https:\/\/combonianilimone.it\/#\/schema\/person\/d89eb5936e9953ecd0256775a9f52dcf\",\"name\":\"vincenzo\",\"image\":{\"@type\":\"ImageObject\",\"inLanguage\":\"it-IT\",\"@id\":\"https:\/\/combonianilimone.it\/#\/schema\/person\/image\/\",\"url\":\"https:\/\/secure.gravatar.com\/avatar\/5cd1d9850ee512b5ebdc4dc6a9c60397c80a1e26a2cd617be7a41fce656a6eb8?s=96&d=mm&r=g\",\"contentUrl\":\"https:\/\/secure.gravatar.com\/avatar\/5cd1d9850ee512b5ebdc4dc6a9c60397c80a1e26a2cd617be7a41fce656a6eb8?s=96&d=mm&r=g\",\"caption\":\"vincenzo\"},\"url\":\"https:\/\/combonianilimone.it\/?author=5\"}]}<\/script>\n<!-- \/ Yoast SEO plugin. -->","yoast_head_json":{"title":"Commento al vangelo di domenica 11 gennaio 2026 - Battesimo del Signore \/ A - Comboniani Limone sul Garda","robots":{"index":"index","follow":"follow","max-snippet":"max-snippet:-1","max-image-preview":"max-image-preview:large","max-video-preview":"max-video-preview:-1"},"canonical":"https:\/\/combonianilimone.it\/?p=1783","og_locale":"it_IT","og_type":"article","og_title":"Commento al vangelo di domenica 11 gennaio 2026 - Battesimo del Signore \/ A - Comboniani Limone sul Garda","og_description":"11 gennaio 2026 &#8211; Battesimo del Signore &#8211; A Il battesimo del Signore conclude il ciclo natalizio e svela in pienezza il mistero dell&#8217;incarnazione dando compimento alla parola che Dio stesso aveva pronunciato nel profeta Isaia a riguardo del suo servo: ti dar\u00f2 come alleanza al popolo, come luce ai gentili e come liberatore a [&hellip;]","og_url":"https:\/\/combonianilimone.it\/?p=1783","og_site_name":"Comboniani Limone sul Garda","article_publisher":"https:\/\/www.facebook.com\/Missionari-Comboniani-Limone-sul-Garda-106606688030170\/","article_published_time":"2026-01-10T09:06:42+00:00","og_image":[{"width":1024,"height":768,"url":"https:\/\/combonianilimone.it\/wp-content\/uploads\/2026\/01\/JESUS-Baptsim-07.jpg","type":"image\/jpeg"}],"author":"vincenzo","twitter_card":"summary_large_image","twitter_misc":{"Scritto da":"vincenzo","Tempo di lettura stimato":"4 minuti"},"schema":{"@context":"https:\/\/schema.org","@graph":[{"@type":"Article","@id":"https:\/\/combonianilimone.it\/?p=1783#article","isPartOf":{"@id":"https:\/\/combonianilimone.it\/?p=1783"},"author":{"name":"vincenzo","@id":"https:\/\/combonianilimone.it\/#\/schema\/person\/d89eb5936e9953ecd0256775a9f52dcf"},"headline":"Commento al vangelo di domenica 11 gennaio 2026 &#8211; Battesimo del Signore \/ A","datePublished":"2026-01-10T09:06:42+00:00","dateModified":"2026-01-10T09:06:42+00:00","mainEntityOfPage":{"@id":"https:\/\/combonianilimone.it\/?p=1783"},"wordCount":683,"commentCount":0,"publisher":{"@id":"https:\/\/combonianilimone.it\/#organization"},"image":{"@id":"https:\/\/combonianilimone.it\/?p=1783#primaryimage"},"thumbnailUrl":"https:\/\/combonianilimone.it\/wp-content\/uploads\/2026\/01\/JESUS-Baptsim-07.jpg","articleSection":["attualit\u00e0"],"inLanguage":"it-IT","potentialAction":[{"@type":"CommentAction","name":"Comment","target":["https:\/\/combonianilimone.it\/?p=1783#respond"]}]},{"@type":"WebPage","@id":"https:\/\/combonianilimone.it\/?p=1783","url":"https:\/\/combonianilimone.it\/?p=1783","name":"Commento al vangelo di domenica 11 gennaio 2026 - Battesimo del Signore \/ A - Comboniani Limone sul Garda","isPartOf":{"@id":"https:\/\/combonianilimone.it\/#website"},"primaryImageOfPage":{"@id":"https:\/\/combonianilimone.it\/?p=1783#primaryimage"},"image":{"@id":"https:\/\/combonianilimone.it\/?p=1783#primaryimage"},"thumbnailUrl":"https:\/\/combonianilimone.it\/wp-content\/uploads\/2026\/01\/JESUS-Baptsim-07.jpg","datePublished":"2026-01-10T09:06:42+00:00","dateModified":"2026-01-10T09:06:42+00:00","breadcrumb":{"@id":"https:\/\/combonianilimone.it\/?p=1783#breadcrumb"},"inLanguage":"it-IT","potentialAction":[{"@type":"ReadAction","target":["https:\/\/combonianilimone.it\/?p=1783"]}]},{"@type":"ImageObject","inLanguage":"it-IT","@id":"https:\/\/combonianilimone.it\/?p=1783#primaryimage","url":"https:\/\/combonianilimone.it\/wp-content\/uploads\/2026\/01\/JESUS-Baptsim-07.jpg","contentUrl":"https:\/\/combonianilimone.it\/wp-content\/uploads\/2026\/01\/JESUS-Baptsim-07.jpg","width":1024,"height":768},{"@type":"BreadcrumbList","@id":"https:\/\/combonianilimone.it\/?p=1783#breadcrumb","itemListElement":[{"@type":"ListItem","position":1,"name":"Home","item":"https:\/\/combonianilimone.it\/"},{"@type":"ListItem","position":2,"name":"Commento al vangelo di domenica 11 gennaio 2026 &#8211; Battesimo del Signore \/ A"}]},{"@type":"WebSite","@id":"https:\/\/combonianilimone.it\/#website","url":"https:\/\/combonianilimone.it\/","name":"Comboniani Limone sul Garda","description":"Casa Natale di San Daniele Comboni","publisher":{"@id":"https:\/\/combonianilimone.it\/#organization"},"potentialAction":[{"@type":"SearchAction","target":{"@type":"EntryPoint","urlTemplate":"https:\/\/combonianilimone.it\/?s={search_term_string}"},"query-input":"required name=search_term_string"}],"inLanguage":"it-IT"},{"@type":"Organization","@id":"https:\/\/combonianilimone.it\/#organization","name":"Missionari Comboniani Limone","url":"https:\/\/combonianilimone.it\/","logo":{"@type":"ImageObject","inLanguage":"it-IT","@id":"https:\/\/combonianilimone.it\/#\/schema\/logo\/image\/","url":"https:\/\/combonianilimone.it\/wp-content\/uploads\/2020\/12\/cropped-logo-LImone-2.png","contentUrl":"https:\/\/combonianilimone.it\/wp-content\/uploads\/2020\/12\/cropped-logo-LImone-2.png","width":512,"height":512,"caption":"Missionari Comboniani Limone"},"image":{"@id":"https:\/\/combonianilimone.it\/#\/schema\/logo\/image\/"},"sameAs":["https:\/\/www.facebook.com\/Missionari-Comboniani-Limone-sul-Garda-106606688030170\/"]},{"@type":"Person","@id":"https:\/\/combonianilimone.it\/#\/schema\/person\/d89eb5936e9953ecd0256775a9f52dcf","name":"vincenzo","image":{"@type":"ImageObject","inLanguage":"it-IT","@id":"https:\/\/combonianilimone.it\/#\/schema\/person\/image\/","url":"https:\/\/secure.gravatar.com\/avatar\/5cd1d9850ee512b5ebdc4dc6a9c60397c80a1e26a2cd617be7a41fce656a6eb8?s=96&d=mm&r=g","contentUrl":"https:\/\/secure.gravatar.com\/avatar\/5cd1d9850ee512b5ebdc4dc6a9c60397c80a1e26a2cd617be7a41fce656a6eb8?s=96&d=mm&r=g","caption":"vincenzo"},"url":"https:\/\/combonianilimone.it\/?author=5"}]}},"_links":{"self":[{"href":"https:\/\/combonianilimone.it\/index.php?rest_route=\/wp\/v2\/posts\/1783","targetHints":{"allow":["GET"]}}],"collection":[{"href":"https:\/\/combonianilimone.it\/index.php?rest_route=\/wp\/v2\/posts"}],"about":[{"href":"https:\/\/combonianilimone.it\/index.php?rest_route=\/wp\/v2\/types\/post"}],"author":[{"embeddable":true,"href":"https:\/\/combonianilimone.it\/index.php?rest_route=\/wp\/v2\/users\/5"}],"replies":[{"embeddable":true,"href":"https:\/\/combonianilimone.it\/index.php?rest_route=%2Fwp%2Fv2%2Fcomments&post=1783"}],"version-history":[{"count":1,"href":"https:\/\/combonianilimone.it\/index.php?rest_route=\/wp\/v2\/posts\/1783\/revisions"}],"predecessor-version":[{"id":1785,"href":"https:\/\/combonianilimone.it\/index.php?rest_route=\/wp\/v2\/posts\/1783\/revisions\/1785"}],"wp:featuredmedia":[{"embeddable":true,"href":"https:\/\/combonianilimone.it\/index.php?rest_route=\/wp\/v2\/media\/1784"}],"wp:attachment":[{"href":"https:\/\/combonianilimone.it\/index.php?rest_route=%2Fwp%2Fv2%2Fmedia&parent=1783"}],"wp:term":[{"taxonomy":"category","embeddable":true,"href":"https:\/\/combonianilimone.it\/index.php?rest_route=%2Fwp%2Fv2%2Fcategories&post=1783"},{"taxonomy":"post_tag","embeddable":true,"href":"https:\/\/combonianilimone.it\/index.php?rest_route=%2Fwp%2Fv2%2Ftags&post=1783"}],"curies":[{"name":"wp","href":"https:\/\/api.w.org\/{rel}","templated":true}]}}