{"id":1769,"date":"2025-12-24T10:22:28","date_gmt":"2025-12-24T09:22:28","guid":{"rendered":"https:\/\/combonianilimone.it\/?p=1769"},"modified":"2025-12-24T10:22:28","modified_gmt":"2025-12-24T09:22:28","slug":"natale-2025","status":"publish","type":"post","link":"https:\/\/combonianilimone.it\/?p=1769","title":{"rendered":"Natale 2025"},"content":{"rendered":"<p><strong>Natale 2025 \u2013 Messa del giorno<\/strong><\/p>\n<p>Il Vangelo di oggi riporta al centro della nostra attenzione e della nostra preghiera il grande mistero del Natale. Tutto ci\u00f2 che \u00e8 accaduto nella piccola Betlemme non \u00e8 tanto un inizio quanto piuttosto il punto di arrivo di un disegno di amore che nasce nel cuore di Dio prima di tutti i secoli e si compie nel cuore di ogni uomo ad ogni istante, nel momento in cui questi lo accoglie con fede. Dalla sua pienezza, dice il vangelo, noi tutti abbiamo ricevuto grazia su grazia. Ci\u00f2 significa che ancora continuiamo a ricevere. Grazia su grazia. Una sorta di stillicidio di amore che lentamente impregna la nostra povera natura umana dando a noi un potere che non avevamo. Quello di diventare figli di Dio, di partecipare alla vita divina.<\/p>\n<p>Questa \u00e8 grazia pura, poich\u00e9 quello che chiamiamo Emmanuele, il Dio con noi, originariamente non era con noi, ma con Dio stesso. Nel suo amore accondiscendente, colui che era presso Dio, si \u00e8 fatto cos\u00ec vicino, cos\u00ec simile a noi, da poter essere annunciato, Lui che era la luce che illumina ogni uomo, dal battista, da uno come noi che non era la luce. In Ges\u00f9, continua il vangelo, era la vita stessa e la vita \u00e8 la luce degli uomini. La luce di Dio, dunque, con l\u2019incarnazione diventa coestensiva con la vita, con tutta la vita del mondo, perch\u00e9 tutte le cose sono state fatte per mezzo di lui. Ci\u00f2 significa che questa vita divina e spirituale che \u00e8 all&#8217;origine della creazione non ci raggiunge dall&#8217;alto, come un miracolo straordinario, ma si pone, per usare un\u2019espressione di don Giussani, alla radice di tutto ci\u00f2 che \u00e8 materiale. Lo vivifica appunto e lo dispone alla grazia incommensurabile della figliolanza divina. Proprio perch\u00e9 questa luce raggiunge la materia a partire dalle sue radici essa pu\u00f2 risplendere nelle tenebre senza essere percepita e quindi anche senza essere accolta.<\/p>\n<p>Ma non senza vincere perch\u00e9 le tenebre non possono sopraffarla. La vita umana, tutta la vita, \u00e8 ormai riagganciata alla sua sorgente divina, ed \u00e8 destinata a divenire essa stessa luce, vita gloriosa, gioiosa, abbondante ed eterna. La lettera agli Ebrei ci aiuta a contemplare questo grande mistero con due domande: a quale degli angeli Dio ha mai detto: tu sei mio figlio e oggi io ti ho generato? A chi Dio ha mai detto: io sar\u00f2 per te Padre e tu mi sarai figlio? Dopo che Ges\u00f9 ha assunto la nostra natura umana, non solo lui, ma noi tutti possiamo considerarci \u201cgenerati da Dio\u201d, quindi capaci di crescere fino alla pienezza della figliolanza divina a partire dalla nostra natura umana ferita dal peccato. Eravamo semplicemente persone \u201cmorenti\u201d, con l\u2019incarnazione diventiamo persone nascenti, persone in gestazione verso l\u2019immortalit\u00e0.<\/p>\n<p>E come Dio pu\u00f2 ricostruire la nostra natura umana, cos\u00ec egli pu\u00f2 ricostruire sempre di nuovo anche tutta la societ\u00e0 umana. Per questo in Isaia Dio invita le rovine di Gerusalemme a cantare di gioia. Dopo il Natale ogni traccia di vita \u00e8 preziosa anche quella che sembra andare in rovina. \u00c8 preziosa semplicemente perch\u00e9 esiste, perch\u00e9 c&#8217;\u00e8 e non solo perch\u00e9 \u00e8 utile a qualcosa, per il suo destino futuro e non solo per la sua condizione presente. Con l\u2019incarnazione possiamo dire di ogni vita umana quello che la lettera agli ebrei dice dell\u2019uomo Ges\u00f9: \u00e8 irradiazione della sua gloria, \u00e8 impronta della sua sostanza. Ogni vita \u00e8 sacra. Sia quella che perisce nelle acque degli oceani perch\u00e9 non \u00e8 soccorsa, come quella che perisce nelle acque del grembo materno perch\u00e9 non \u00e8 voluta. Per questo, introducendo il figlio nel mondo, Dio pu\u00f2 dire: lo adorino tutti gli angeli del cielo. Con l\u2019incarnazione ogni vita \u00e8 sacra e partecipa alla stessa dignit\u00e0 di Dio. La vita e sempre originariamente da Dio. La vita \u00e8 la luce degli uomini. A chi l&#8217;accoglie questa luce d\u00e0 il potere di diventare figli di Dio, di tuffarsi nel cielo ed essere per sempre.<\/p>\n","protected":false},"excerpt":{"rendered":"<p>Natale 2025 \u2013 Messa del giorno Il Vangelo di oggi riporta al centro della nostra attenzione e della nostra preghiera il grande mistero del Natale. Tutto ci\u00f2 che \u00e8 accaduto nella piccola Betlemme non \u00e8 tanto un inizio quanto piuttosto il punto di arrivo di un disegno di amore che nasce nel cuore di Dio [&hellip;]<\/p>\n","protected":false},"author":5,"featured_media":1771,"comment_status":"open","ping_status":"open","sticky":false,"template":"","format":"standard","meta":{"_et_pb_use_builder":"","_et_pb_old_content":"","_et_gb_content_width":"","footnotes":""},"categories":[5],"tags":[],"class_list":["post-1769","post","type-post","status-publish","format-standard","has-post-thumbnail","hentry","category-attualita"],"yoast_head":"<!-- This site is optimized with the Yoast SEO plugin v23.2 - https:\/\/yoast.com\/wordpress\/plugins\/seo\/ -->\n<title>Natale 2025 - Comboniani Limone sul Garda<\/title>\n<meta name=\"robots\" content=\"index, follow, max-snippet:-1, max-image-preview:large, max-video-preview:-1\" \/>\n<link rel=\"canonical\" href=\"https:\/\/combonianilimone.it\/?p=1769\" \/>\n<meta property=\"og:locale\" content=\"it_IT\" \/>\n<meta property=\"og:type\" content=\"article\" \/>\n<meta property=\"og:title\" content=\"Natale 2025 - Comboniani Limone sul Garda\" \/>\n<meta property=\"og:description\" content=\"Natale 2025 \u2013 Messa del giorno Il Vangelo di oggi riporta al centro della nostra attenzione e della nostra preghiera il grande mistero del Natale. Tutto ci\u00f2 che \u00e8 accaduto nella piccola Betlemme non \u00e8 tanto un inizio quanto piuttosto il punto di arrivo di un disegno di amore che nasce nel cuore di Dio [&hellip;]\" \/>\n<meta property=\"og:url\" content=\"https:\/\/combonianilimone.it\/?p=1769\" \/>\n<meta property=\"og:site_name\" content=\"Comboniani Limone sul Garda\" \/>\n<meta property=\"article:publisher\" content=\"https:\/\/www.facebook.com\/Missionari-Comboniani-Limone-sul-Garda-106606688030170\/\" \/>\n<meta property=\"article:published_time\" content=\"2025-12-24T09:22:28+00:00\" \/>\n<meta property=\"og:image\" content=\"https:\/\/combonianilimone.it\/wp-content\/uploads\/2025\/12\/nativity-scene-angels-7660694_1280.jpg\" \/>\n\t<meta property=\"og:image:width\" content=\"960\" \/>\n\t<meta property=\"og:image:height\" content=\"1280\" \/>\n\t<meta property=\"og:image:type\" content=\"image\/jpeg\" \/>\n<meta name=\"author\" content=\"vincenzo\" \/>\n<meta name=\"twitter:card\" content=\"summary_large_image\" \/>\n<meta name=\"twitter:label1\" content=\"Scritto da\" \/>\n\t<meta name=\"twitter:data1\" content=\"vincenzo\" \/>\n\t<meta name=\"twitter:label2\" content=\"Tempo di lettura stimato\" \/>\n\t<meta name=\"twitter:data2\" content=\"4 minuti\" \/>\n<script type=\"application\/ld+json\" class=\"yoast-schema-graph\">{\"@context\":\"https:\/\/schema.org\",\"@graph\":[{\"@type\":\"Article\",\"@id\":\"https:\/\/combonianilimone.it\/?p=1769#article\",\"isPartOf\":{\"@id\":\"https:\/\/combonianilimone.it\/?p=1769\"},\"author\":{\"name\":\"vincenzo\",\"@id\":\"https:\/\/combonianilimone.it\/#\/schema\/person\/d89eb5936e9953ecd0256775a9f52dcf\"},\"headline\":\"Natale 2025\",\"datePublished\":\"2025-12-24T09:22:28+00:00\",\"dateModified\":\"2025-12-24T09:22:28+00:00\",\"mainEntityOfPage\":{\"@id\":\"https:\/\/combonianilimone.it\/?p=1769\"},\"wordCount\":647,\"commentCount\":0,\"publisher\":{\"@id\":\"https:\/\/combonianilimone.it\/#organization\"},\"image\":{\"@id\":\"https:\/\/combonianilimone.it\/?p=1769#primaryimage\"},\"thumbnailUrl\":\"https:\/\/combonianilimone.it\/wp-content\/uploads\/2025\/12\/nativity-scene-angels-7660694_1280.jpg\",\"articleSection\":[\"attualit\u00e0\"],\"inLanguage\":\"it-IT\",\"potentialAction\":[{\"@type\":\"CommentAction\",\"name\":\"Comment\",\"target\":[\"https:\/\/combonianilimone.it\/?p=1769#respond\"]}]},{\"@type\":\"WebPage\",\"@id\":\"https:\/\/combonianilimone.it\/?p=1769\",\"url\":\"https:\/\/combonianilimone.it\/?p=1769\",\"name\":\"Natale 2025 - Comboniani Limone sul Garda\",\"isPartOf\":{\"@id\":\"https:\/\/combonianilimone.it\/#website\"},\"primaryImageOfPage\":{\"@id\":\"https:\/\/combonianilimone.it\/?p=1769#primaryimage\"},\"image\":{\"@id\":\"https:\/\/combonianilimone.it\/?p=1769#primaryimage\"},\"thumbnailUrl\":\"https:\/\/combonianilimone.it\/wp-content\/uploads\/2025\/12\/nativity-scene-angels-7660694_1280.jpg\",\"datePublished\":\"2025-12-24T09:22:28+00:00\",\"dateModified\":\"2025-12-24T09:22:28+00:00\",\"breadcrumb\":{\"@id\":\"https:\/\/combonianilimone.it\/?p=1769#breadcrumb\"},\"inLanguage\":\"it-IT\",\"potentialAction\":[{\"@type\":\"ReadAction\",\"target\":[\"https:\/\/combonianilimone.it\/?p=1769\"]}]},{\"@type\":\"ImageObject\",\"inLanguage\":\"it-IT\",\"@id\":\"https:\/\/combonianilimone.it\/?p=1769#primaryimage\",\"url\":\"https:\/\/combonianilimone.it\/wp-content\/uploads\/2025\/12\/nativity-scene-angels-7660694_1280.jpg\",\"contentUrl\":\"https:\/\/combonianilimone.it\/wp-content\/uploads\/2025\/12\/nativity-scene-angels-7660694_1280.jpg\",\"width\":960,\"height\":1280},{\"@type\":\"BreadcrumbList\",\"@id\":\"https:\/\/combonianilimone.it\/?p=1769#breadcrumb\",\"itemListElement\":[{\"@type\":\"ListItem\",\"position\":1,\"name\":\"Home\",\"item\":\"https:\/\/combonianilimone.it\/\"},{\"@type\":\"ListItem\",\"position\":2,\"name\":\"Natale 2025\"}]},{\"@type\":\"WebSite\",\"@id\":\"https:\/\/combonianilimone.it\/#website\",\"url\":\"https:\/\/combonianilimone.it\/\",\"name\":\"Comboniani Limone sul Garda\",\"description\":\"Casa Natale di San Daniele Comboni\",\"publisher\":{\"@id\":\"https:\/\/combonianilimone.it\/#organization\"},\"potentialAction\":[{\"@type\":\"SearchAction\",\"target\":{\"@type\":\"EntryPoint\",\"urlTemplate\":\"https:\/\/combonianilimone.it\/?s={search_term_string}\"},\"query-input\":\"required name=search_term_string\"}],\"inLanguage\":\"it-IT\"},{\"@type\":\"Organization\",\"@id\":\"https:\/\/combonianilimone.it\/#organization\",\"name\":\"Missionari Comboniani Limone\",\"url\":\"https:\/\/combonianilimone.it\/\",\"logo\":{\"@type\":\"ImageObject\",\"inLanguage\":\"it-IT\",\"@id\":\"https:\/\/combonianilimone.it\/#\/schema\/logo\/image\/\",\"url\":\"https:\/\/combonianilimone.it\/wp-content\/uploads\/2020\/12\/cropped-logo-LImone-2.png\",\"contentUrl\":\"https:\/\/combonianilimone.it\/wp-content\/uploads\/2020\/12\/cropped-logo-LImone-2.png\",\"width\":512,\"height\":512,\"caption\":\"Missionari Comboniani Limone\"},\"image\":{\"@id\":\"https:\/\/combonianilimone.it\/#\/schema\/logo\/image\/\"},\"sameAs\":[\"https:\/\/www.facebook.com\/Missionari-Comboniani-Limone-sul-Garda-106606688030170\/\"]},{\"@type\":\"Person\",\"@id\":\"https:\/\/combonianilimone.it\/#\/schema\/person\/d89eb5936e9953ecd0256775a9f52dcf\",\"name\":\"vincenzo\",\"image\":{\"@type\":\"ImageObject\",\"inLanguage\":\"it-IT\",\"@id\":\"https:\/\/combonianilimone.it\/#\/schema\/person\/image\/\",\"url\":\"https:\/\/secure.gravatar.com\/avatar\/5cd1d9850ee512b5ebdc4dc6a9c60397c80a1e26a2cd617be7a41fce656a6eb8?s=96&d=mm&r=g\",\"contentUrl\":\"https:\/\/secure.gravatar.com\/avatar\/5cd1d9850ee512b5ebdc4dc6a9c60397c80a1e26a2cd617be7a41fce656a6eb8?s=96&d=mm&r=g\",\"caption\":\"vincenzo\"},\"url\":\"https:\/\/combonianilimone.it\/?author=5\"}]}<\/script>\n<!-- \/ Yoast SEO plugin. -->","yoast_head_json":{"title":"Natale 2025 - Comboniani Limone sul Garda","robots":{"index":"index","follow":"follow","max-snippet":"max-snippet:-1","max-image-preview":"max-image-preview:large","max-video-preview":"max-video-preview:-1"},"canonical":"https:\/\/combonianilimone.it\/?p=1769","og_locale":"it_IT","og_type":"article","og_title":"Natale 2025 - Comboniani Limone sul Garda","og_description":"Natale 2025 \u2013 Messa del giorno Il Vangelo di oggi riporta al centro della nostra attenzione e della nostra preghiera il grande mistero del Natale. Tutto ci\u00f2 che \u00e8 accaduto nella piccola Betlemme non \u00e8 tanto un inizio quanto piuttosto il punto di arrivo di un disegno di amore che nasce nel cuore di Dio [&hellip;]","og_url":"https:\/\/combonianilimone.it\/?p=1769","og_site_name":"Comboniani Limone sul Garda","article_publisher":"https:\/\/www.facebook.com\/Missionari-Comboniani-Limone-sul-Garda-106606688030170\/","article_published_time":"2025-12-24T09:22:28+00:00","og_image":[{"width":960,"height":1280,"url":"https:\/\/combonianilimone.it\/wp-content\/uploads\/2025\/12\/nativity-scene-angels-7660694_1280.jpg","type":"image\/jpeg"}],"author":"vincenzo","twitter_card":"summary_large_image","twitter_misc":{"Scritto da":"vincenzo","Tempo di lettura stimato":"4 minuti"},"schema":{"@context":"https:\/\/schema.org","@graph":[{"@type":"Article","@id":"https:\/\/combonianilimone.it\/?p=1769#article","isPartOf":{"@id":"https:\/\/combonianilimone.it\/?p=1769"},"author":{"name":"vincenzo","@id":"https:\/\/combonianilimone.it\/#\/schema\/person\/d89eb5936e9953ecd0256775a9f52dcf"},"headline":"Natale 2025","datePublished":"2025-12-24T09:22:28+00:00","dateModified":"2025-12-24T09:22:28+00:00","mainEntityOfPage":{"@id":"https:\/\/combonianilimone.it\/?p=1769"},"wordCount":647,"commentCount":0,"publisher":{"@id":"https:\/\/combonianilimone.it\/#organization"},"image":{"@id":"https:\/\/combonianilimone.it\/?p=1769#primaryimage"},"thumbnailUrl":"https:\/\/combonianilimone.it\/wp-content\/uploads\/2025\/12\/nativity-scene-angels-7660694_1280.jpg","articleSection":["attualit\u00e0"],"inLanguage":"it-IT","potentialAction":[{"@type":"CommentAction","name":"Comment","target":["https:\/\/combonianilimone.it\/?p=1769#respond"]}]},{"@type":"WebPage","@id":"https:\/\/combonianilimone.it\/?p=1769","url":"https:\/\/combonianilimone.it\/?p=1769","name":"Natale 2025 - Comboniani Limone sul Garda","isPartOf":{"@id":"https:\/\/combonianilimone.it\/#website"},"primaryImageOfPage":{"@id":"https:\/\/combonianilimone.it\/?p=1769#primaryimage"},"image":{"@id":"https:\/\/combonianilimone.it\/?p=1769#primaryimage"},"thumbnailUrl":"https:\/\/combonianilimone.it\/wp-content\/uploads\/2025\/12\/nativity-scene-angels-7660694_1280.jpg","datePublished":"2025-12-24T09:22:28+00:00","dateModified":"2025-12-24T09:22:28+00:00","breadcrumb":{"@id":"https:\/\/combonianilimone.it\/?p=1769#breadcrumb"},"inLanguage":"it-IT","potentialAction":[{"@type":"ReadAction","target":["https:\/\/combonianilimone.it\/?p=1769"]}]},{"@type":"ImageObject","inLanguage":"it-IT","@id":"https:\/\/combonianilimone.it\/?p=1769#primaryimage","url":"https:\/\/combonianilimone.it\/wp-content\/uploads\/2025\/12\/nativity-scene-angels-7660694_1280.jpg","contentUrl":"https:\/\/combonianilimone.it\/wp-content\/uploads\/2025\/12\/nativity-scene-angels-7660694_1280.jpg","width":960,"height":1280},{"@type":"BreadcrumbList","@id":"https:\/\/combonianilimone.it\/?p=1769#breadcrumb","itemListElement":[{"@type":"ListItem","position":1,"name":"Home","item":"https:\/\/combonianilimone.it\/"},{"@type":"ListItem","position":2,"name":"Natale 2025"}]},{"@type":"WebSite","@id":"https:\/\/combonianilimone.it\/#website","url":"https:\/\/combonianilimone.it\/","name":"Comboniani Limone sul Garda","description":"Casa Natale di San Daniele Comboni","publisher":{"@id":"https:\/\/combonianilimone.it\/#organization"},"potentialAction":[{"@type":"SearchAction","target":{"@type":"EntryPoint","urlTemplate":"https:\/\/combonianilimone.it\/?s={search_term_string}"},"query-input":"required name=search_term_string"}],"inLanguage":"it-IT"},{"@type":"Organization","@id":"https:\/\/combonianilimone.it\/#organization","name":"Missionari Comboniani Limone","url":"https:\/\/combonianilimone.it\/","logo":{"@type":"ImageObject","inLanguage":"it-IT","@id":"https:\/\/combonianilimone.it\/#\/schema\/logo\/image\/","url":"https:\/\/combonianilimone.it\/wp-content\/uploads\/2020\/12\/cropped-logo-LImone-2.png","contentUrl":"https:\/\/combonianilimone.it\/wp-content\/uploads\/2020\/12\/cropped-logo-LImone-2.png","width":512,"height":512,"caption":"Missionari Comboniani Limone"},"image":{"@id":"https:\/\/combonianilimone.it\/#\/schema\/logo\/image\/"},"sameAs":["https:\/\/www.facebook.com\/Missionari-Comboniani-Limone-sul-Garda-106606688030170\/"]},{"@type":"Person","@id":"https:\/\/combonianilimone.it\/#\/schema\/person\/d89eb5936e9953ecd0256775a9f52dcf","name":"vincenzo","image":{"@type":"ImageObject","inLanguage":"it-IT","@id":"https:\/\/combonianilimone.it\/#\/schema\/person\/image\/","url":"https:\/\/secure.gravatar.com\/avatar\/5cd1d9850ee512b5ebdc4dc6a9c60397c80a1e26a2cd617be7a41fce656a6eb8?s=96&d=mm&r=g","contentUrl":"https:\/\/secure.gravatar.com\/avatar\/5cd1d9850ee512b5ebdc4dc6a9c60397c80a1e26a2cd617be7a41fce656a6eb8?s=96&d=mm&r=g","caption":"vincenzo"},"url":"https:\/\/combonianilimone.it\/?author=5"}]}},"_links":{"self":[{"href":"https:\/\/combonianilimone.it\/index.php?rest_route=\/wp\/v2\/posts\/1769","targetHints":{"allow":["GET"]}}],"collection":[{"href":"https:\/\/combonianilimone.it\/index.php?rest_route=\/wp\/v2\/posts"}],"about":[{"href":"https:\/\/combonianilimone.it\/index.php?rest_route=\/wp\/v2\/types\/post"}],"author":[{"embeddable":true,"href":"https:\/\/combonianilimone.it\/index.php?rest_route=\/wp\/v2\/users\/5"}],"replies":[{"embeddable":true,"href":"https:\/\/combonianilimone.it\/index.php?rest_route=%2Fwp%2Fv2%2Fcomments&post=1769"}],"version-history":[{"count":1,"href":"https:\/\/combonianilimone.it\/index.php?rest_route=\/wp\/v2\/posts\/1769\/revisions"}],"predecessor-version":[{"id":1772,"href":"https:\/\/combonianilimone.it\/index.php?rest_route=\/wp\/v2\/posts\/1769\/revisions\/1772"}],"wp:featuredmedia":[{"embeddable":true,"href":"https:\/\/combonianilimone.it\/index.php?rest_route=\/wp\/v2\/media\/1771"}],"wp:attachment":[{"href":"https:\/\/combonianilimone.it\/index.php?rest_route=%2Fwp%2Fv2%2Fmedia&parent=1769"}],"wp:term":[{"taxonomy":"category","embeddable":true,"href":"https:\/\/combonianilimone.it\/index.php?rest_route=%2Fwp%2Fv2%2Fcategories&post=1769"},{"taxonomy":"post_tag","embeddable":true,"href":"https:\/\/combonianilimone.it\/index.php?rest_route=%2Fwp%2Fv2%2Ftags&post=1769"}],"curies":[{"name":"wp","href":"https:\/\/api.w.org\/{rel}","templated":true}]}}