{"id":1619,"date":"2025-04-19T20:16:23","date_gmt":"2025-04-19T18:16:23","guid":{"rendered":"https:\/\/combonianilimone.it\/?p=1619"},"modified":"2025-04-19T20:16:23","modified_gmt":"2025-04-19T18:16:23","slug":"pasqua-2025","status":"publish","type":"post","link":"https:\/\/combonianilimone.it\/?p=1619","title":{"rendered":"Pasqua 2025"},"content":{"rendered":"<p><strong>Pasqua 2025<\/strong><\/p>\n<p>Durante la veglia pasquale abbiamo ripercorso la storia della salvezza, dalla creazione alla resurrezione, perch\u00e9 i due estremi sono connessi. La resurrezione \u00e8 il compimento di quel dono di vita che Dio ha fatto all\u2019uomo all\u2019inizio della creazione. Essa ci ricorda che non siamo fatti semplicemente per evolvere biologicamente e poi morire, ma per compiere una sorta di \u201csalto\u201d evolutivo, innalzarci alla vita di Dio e trovare in Dio la nostra realizzazione finale. L\u2019uomo con il peccato aveva compromesso questo disegno divino che a causa della morte diventa irriconoscibile. Ecco allora che la resurrezione restituisce luce alla nostra esistenza ed alla nostra storia. Noi valiamo infinitamente di pi\u00f9 di quello che appare e se Dio pu\u00f2 tirare la vita anche dalla nostra morte allora non c\u2019\u00e8 pi\u00f9 un limite umano, una sofferenza, un fallimento che non possa trovare riscatto nel disegno di amore del Padre.<\/p>\n<p>Il sepolcro vuoto suggerisce alla nostra fede qualcosa di estremamente profondo. Mentre il corpo risorto di Cristo annuncia la sua Resurrezione, il sepolcro vuoto parla della nostra resurrezione. Ges\u00f9 non aveva bisogno di rotolare la pietra per uscire dal sepolcro. Essa \u00e8 stata rotolata per noi affinch\u00e9 ci rendessimo conto che Ges\u00f9 risorto non \u00e8 semplicemente passato ad una vita \u201cal di l\u00e0 della morte\u201d, ma \u00e8 tornato a noi, viene incontro e noi e diventa una presenza invisibile nella nostra vita \u201cal di qua\u201d della morte. Se vivessimo regolarmente consapevoli di questa presenza quali energie di resilienza, di creativit\u00e0, di impegno per la vita di tutti si sprigionerebbero nei nostri cuori e nelle nostre comunit\u00e0. Eppure, continuiamo a pensare che alla fine non resta altro che una vita che muore.<\/p>\n<p>Come doveva suonare strana la domanda dell\u2019angelo alle donne: \u201cPerch\u00e9 cercate tra i morti colui che \u00e8 risorto. Non \u00e8 qui.\u201d Siamo cos\u00ec abituati a non cercare niente di pi\u00f9 e niente altro in questo mondo se non una vita che muore, che la resurrezione rimane totalmente fuori dai nostri orizzonti mentali. E poich\u00e9 crediamo che la vita che muore sia l\u2019unica che vale la pena cercare, ignoriamo o addirittura scappiamo da situazioni che implichino anche solo un minimo di sofferenza, cediamo a qualsiasi compromesso pur di ottenere qualche soddisfazione, ci rassegniamo a vivere senza amare fino alla fine perch\u00e9 pensiamo che in fondo, alla fine c\u2019\u00e8 solo la morte. Gli stessi discepoli non potevano ancora comprendere il mistero di una vita che muore e risorge.<\/p>\n<p>Eppure, tutte le scritture e lo stesso Ges\u00f9 lo avevano predetto: \u201cIl figlio dell\u2019uomo deve soffrire, morire e quindi risorgere\u2019. Il Figlio dell\u2019uomo viene a vivere nel mondo proprio per attraversare la morte ed annunciare una vita nuova. In Ges\u00f9 la vita che non muore si unisce alla nostra vita che muore, si immerge invisibilmente nella nostra realt\u00e0 quotidiana e si fa \u201cpresenza\u201d efficace fino alla fine dei tempi. Dobbiamo solo imparare a risettare il nostro cuore abituato a cercare solo \u201cla vita che muore\u201d. A cercare la vita di Cristo risorto che non \u00e8 tra i morti, ma \u00e8 gi\u00e0 dove siamo noi. Cristo \u00e8 risorto. Cristo \u00e8 presente. Sempre ed ovunque.<\/p>\n<p>La Pasqua \u00e8 l\u2019annuncio sconvolgente che la vita eterna \u00e8 accaduta ed illumina coloro che ancora vivono all\u2019ombra della morte. Il sepolcro aperto ci invita a credere che la vita risorta non \u00e8 solo quella futura ma \u00e8 gi\u00e0 quella presente \u201csvuotata\u201d della morte, cio\u00e8, resa libera dalla paura, dalla stanchezza, dalla pigrizia, dalla ricerca inutile e disperata di salvare se stessi. Non sapete ricorda San Paolo che siamo stati uniti alla morte di Cristo? \u00a0Non sapete che, per il mistero pasquale, anche noi siamo entrati in un sepolcro aperto per uscirne come vivi tornati dai morti. La vita eterna \u00e8 gi\u00e0 accaduta e riaccade ogni giorno se viviamo consapevoli della presenza del risorto e quindi disposti a rischiare di amare un po\u2019 pi\u00f9 generosamente di coloro che vivono prigionieri della paura di morire, di soffrire, di donarsi.<\/p>\n","protected":false},"excerpt":{"rendered":"<p>Pasqua 2025 Durante la veglia pasquale abbiamo ripercorso la storia della salvezza, dalla creazione alla resurrezione, perch\u00e9 i due estremi sono connessi. La resurrezione \u00e8 il compimento di quel dono di vita che Dio ha fatto all\u2019uomo all\u2019inizio della creazione. Essa ci ricorda che non siamo fatti semplicemente per evolvere biologicamente e poi morire, ma [&hellip;]<\/p>\n","protected":false},"author":5,"featured_media":1620,"comment_status":"open","ping_status":"open","sticky":false,"template":"","format":"standard","meta":{"_et_pb_use_builder":"","_et_pb_old_content":"","_et_gb_content_width":"","footnotes":""},"categories":[5],"tags":[],"class_list":["post-1619","post","type-post","status-publish","format-standard","has-post-thumbnail","hentry","category-attualita"],"yoast_head":"<!-- This site is optimized with the Yoast SEO plugin v23.2 - https:\/\/yoast.com\/wordpress\/plugins\/seo\/ -->\n<title>Pasqua 2025 - Comboniani Limone sul Garda<\/title>\n<meta name=\"robots\" content=\"index, follow, max-snippet:-1, max-image-preview:large, max-video-preview:-1\" \/>\n<link rel=\"canonical\" href=\"https:\/\/combonianilimone.it\/?p=1619\" \/>\n<meta property=\"og:locale\" content=\"it_IT\" \/>\n<meta property=\"og:type\" content=\"article\" \/>\n<meta property=\"og:title\" content=\"Pasqua 2025 - Comboniani Limone sul Garda\" \/>\n<meta property=\"og:description\" content=\"Pasqua 2025 Durante la veglia pasquale abbiamo ripercorso la storia della salvezza, dalla creazione alla resurrezione, perch\u00e9 i due estremi sono connessi. La resurrezione \u00e8 il compimento di quel dono di vita che Dio ha fatto all\u2019uomo all\u2019inizio della creazione. Essa ci ricorda che non siamo fatti semplicemente per evolvere biologicamente e poi morire, ma [&hellip;]\" \/>\n<meta property=\"og:url\" content=\"https:\/\/combonianilimone.it\/?p=1619\" \/>\n<meta property=\"og:site_name\" content=\"Comboniani Limone sul Garda\" \/>\n<meta property=\"article:publisher\" content=\"https:\/\/www.facebook.com\/Missionari-Comboniani-Limone-sul-Garda-106606688030170\/\" \/>\n<meta property=\"article:published_time\" content=\"2025-04-19T18:16:23+00:00\" \/>\n<meta property=\"og:image\" content=\"https:\/\/combonianilimone.it\/wp-content\/uploads\/2025\/04\/Resurrezione-2.jpg\" \/>\n\t<meta property=\"og:image:width\" content=\"640\" \/>\n\t<meta property=\"og:image:height\" content=\"640\" \/>\n\t<meta property=\"og:image:type\" content=\"image\/jpeg\" \/>\n<meta name=\"author\" content=\"vincenzo\" \/>\n<meta name=\"twitter:card\" content=\"summary_large_image\" \/>\n<meta name=\"twitter:label1\" content=\"Scritto da\" \/>\n\t<meta name=\"twitter:data1\" content=\"vincenzo\" \/>\n\t<meta name=\"twitter:label2\" content=\"Tempo di lettura stimato\" \/>\n\t<meta name=\"twitter:data2\" content=\"4 minuti\" \/>\n<script type=\"application\/ld+json\" class=\"yoast-schema-graph\">{\"@context\":\"https:\/\/schema.org\",\"@graph\":[{\"@type\":\"Article\",\"@id\":\"https:\/\/combonianilimone.it\/?p=1619#article\",\"isPartOf\":{\"@id\":\"https:\/\/combonianilimone.it\/?p=1619\"},\"author\":{\"name\":\"vincenzo\",\"@id\":\"https:\/\/combonianilimone.it\/#\/schema\/person\/d89eb5936e9953ecd0256775a9f52dcf\"},\"headline\":\"Pasqua 2025\",\"datePublished\":\"2025-04-19T18:16:23+00:00\",\"dateModified\":\"2025-04-19T18:16:23+00:00\",\"mainEntityOfPage\":{\"@id\":\"https:\/\/combonianilimone.it\/?p=1619\"},\"wordCount\":649,\"commentCount\":0,\"publisher\":{\"@id\":\"https:\/\/combonianilimone.it\/#organization\"},\"image\":{\"@id\":\"https:\/\/combonianilimone.it\/?p=1619#primaryimage\"},\"thumbnailUrl\":\"https:\/\/combonianilimone.it\/wp-content\/uploads\/2025\/04\/Resurrezione-2.jpg\",\"articleSection\":[\"attualit\u00e0\"],\"inLanguage\":\"it-IT\",\"potentialAction\":[{\"@type\":\"CommentAction\",\"name\":\"Comment\",\"target\":[\"https:\/\/combonianilimone.it\/?p=1619#respond\"]}]},{\"@type\":\"WebPage\",\"@id\":\"https:\/\/combonianilimone.it\/?p=1619\",\"url\":\"https:\/\/combonianilimone.it\/?p=1619\",\"name\":\"Pasqua 2025 - Comboniani Limone sul Garda\",\"isPartOf\":{\"@id\":\"https:\/\/combonianilimone.it\/#website\"},\"primaryImageOfPage\":{\"@id\":\"https:\/\/combonianilimone.it\/?p=1619#primaryimage\"},\"image\":{\"@id\":\"https:\/\/combonianilimone.it\/?p=1619#primaryimage\"},\"thumbnailUrl\":\"https:\/\/combonianilimone.it\/wp-content\/uploads\/2025\/04\/Resurrezione-2.jpg\",\"datePublished\":\"2025-04-19T18:16:23+00:00\",\"dateModified\":\"2025-04-19T18:16:23+00:00\",\"breadcrumb\":{\"@id\":\"https:\/\/combonianilimone.it\/?p=1619#breadcrumb\"},\"inLanguage\":\"it-IT\",\"potentialAction\":[{\"@type\":\"ReadAction\",\"target\":[\"https:\/\/combonianilimone.it\/?p=1619\"]}]},{\"@type\":\"ImageObject\",\"inLanguage\":\"it-IT\",\"@id\":\"https:\/\/combonianilimone.it\/?p=1619#primaryimage\",\"url\":\"https:\/\/combonianilimone.it\/wp-content\/uploads\/2025\/04\/Resurrezione-2.jpg\",\"contentUrl\":\"https:\/\/combonianilimone.it\/wp-content\/uploads\/2025\/04\/Resurrezione-2.jpg\",\"width\":640,\"height\":640},{\"@type\":\"BreadcrumbList\",\"@id\":\"https:\/\/combonianilimone.it\/?p=1619#breadcrumb\",\"itemListElement\":[{\"@type\":\"ListItem\",\"position\":1,\"name\":\"Home\",\"item\":\"https:\/\/combonianilimone.it\/\"},{\"@type\":\"ListItem\",\"position\":2,\"name\":\"Pasqua 2025\"}]},{\"@type\":\"WebSite\",\"@id\":\"https:\/\/combonianilimone.it\/#website\",\"url\":\"https:\/\/combonianilimone.it\/\",\"name\":\"Comboniani Limone sul Garda\",\"description\":\"Casa Natale di San Daniele Comboni\",\"publisher\":{\"@id\":\"https:\/\/combonianilimone.it\/#organization\"},\"potentialAction\":[{\"@type\":\"SearchAction\",\"target\":{\"@type\":\"EntryPoint\",\"urlTemplate\":\"https:\/\/combonianilimone.it\/?s={search_term_string}\"},\"query-input\":\"required name=search_term_string\"}],\"inLanguage\":\"it-IT\"},{\"@type\":\"Organization\",\"@id\":\"https:\/\/combonianilimone.it\/#organization\",\"name\":\"Missionari Comboniani Limone\",\"url\":\"https:\/\/combonianilimone.it\/\",\"logo\":{\"@type\":\"ImageObject\",\"inLanguage\":\"it-IT\",\"@id\":\"https:\/\/combonianilimone.it\/#\/schema\/logo\/image\/\",\"url\":\"https:\/\/combonianilimone.it\/wp-content\/uploads\/2020\/12\/cropped-logo-LImone-2.png\",\"contentUrl\":\"https:\/\/combonianilimone.it\/wp-content\/uploads\/2020\/12\/cropped-logo-LImone-2.png\",\"width\":512,\"height\":512,\"caption\":\"Missionari Comboniani Limone\"},\"image\":{\"@id\":\"https:\/\/combonianilimone.it\/#\/schema\/logo\/image\/\"},\"sameAs\":[\"https:\/\/www.facebook.com\/Missionari-Comboniani-Limone-sul-Garda-106606688030170\/\"]},{\"@type\":\"Person\",\"@id\":\"https:\/\/combonianilimone.it\/#\/schema\/person\/d89eb5936e9953ecd0256775a9f52dcf\",\"name\":\"vincenzo\",\"image\":{\"@type\":\"ImageObject\",\"inLanguage\":\"it-IT\",\"@id\":\"https:\/\/combonianilimone.it\/#\/schema\/person\/image\/\",\"url\":\"https:\/\/secure.gravatar.com\/avatar\/5cd1d9850ee512b5ebdc4dc6a9c60397c80a1e26a2cd617be7a41fce656a6eb8?s=96&d=mm&r=g\",\"contentUrl\":\"https:\/\/secure.gravatar.com\/avatar\/5cd1d9850ee512b5ebdc4dc6a9c60397c80a1e26a2cd617be7a41fce656a6eb8?s=96&d=mm&r=g\",\"caption\":\"vincenzo\"},\"url\":\"https:\/\/combonianilimone.it\/?author=5\"}]}<\/script>\n<!-- \/ Yoast SEO plugin. -->","yoast_head_json":{"title":"Pasqua 2025 - Comboniani Limone sul Garda","robots":{"index":"index","follow":"follow","max-snippet":"max-snippet:-1","max-image-preview":"max-image-preview:large","max-video-preview":"max-video-preview:-1"},"canonical":"https:\/\/combonianilimone.it\/?p=1619","og_locale":"it_IT","og_type":"article","og_title":"Pasqua 2025 - Comboniani Limone sul Garda","og_description":"Pasqua 2025 Durante la veglia pasquale abbiamo ripercorso la storia della salvezza, dalla creazione alla resurrezione, perch\u00e9 i due estremi sono connessi. La resurrezione \u00e8 il compimento di quel dono di vita che Dio ha fatto all\u2019uomo all\u2019inizio della creazione. Essa ci ricorda che non siamo fatti semplicemente per evolvere biologicamente e poi morire, ma [&hellip;]","og_url":"https:\/\/combonianilimone.it\/?p=1619","og_site_name":"Comboniani Limone sul Garda","article_publisher":"https:\/\/www.facebook.com\/Missionari-Comboniani-Limone-sul-Garda-106606688030170\/","article_published_time":"2025-04-19T18:16:23+00:00","og_image":[{"width":640,"height":640,"url":"https:\/\/combonianilimone.it\/wp-content\/uploads\/2025\/04\/Resurrezione-2.jpg","type":"image\/jpeg"}],"author":"vincenzo","twitter_card":"summary_large_image","twitter_misc":{"Scritto da":"vincenzo","Tempo di lettura stimato":"4 minuti"},"schema":{"@context":"https:\/\/schema.org","@graph":[{"@type":"Article","@id":"https:\/\/combonianilimone.it\/?p=1619#article","isPartOf":{"@id":"https:\/\/combonianilimone.it\/?p=1619"},"author":{"name":"vincenzo","@id":"https:\/\/combonianilimone.it\/#\/schema\/person\/d89eb5936e9953ecd0256775a9f52dcf"},"headline":"Pasqua 2025","datePublished":"2025-04-19T18:16:23+00:00","dateModified":"2025-04-19T18:16:23+00:00","mainEntityOfPage":{"@id":"https:\/\/combonianilimone.it\/?p=1619"},"wordCount":649,"commentCount":0,"publisher":{"@id":"https:\/\/combonianilimone.it\/#organization"},"image":{"@id":"https:\/\/combonianilimone.it\/?p=1619#primaryimage"},"thumbnailUrl":"https:\/\/combonianilimone.it\/wp-content\/uploads\/2025\/04\/Resurrezione-2.jpg","articleSection":["attualit\u00e0"],"inLanguage":"it-IT","potentialAction":[{"@type":"CommentAction","name":"Comment","target":["https:\/\/combonianilimone.it\/?p=1619#respond"]}]},{"@type":"WebPage","@id":"https:\/\/combonianilimone.it\/?p=1619","url":"https:\/\/combonianilimone.it\/?p=1619","name":"Pasqua 2025 - Comboniani Limone sul Garda","isPartOf":{"@id":"https:\/\/combonianilimone.it\/#website"},"primaryImageOfPage":{"@id":"https:\/\/combonianilimone.it\/?p=1619#primaryimage"},"image":{"@id":"https:\/\/combonianilimone.it\/?p=1619#primaryimage"},"thumbnailUrl":"https:\/\/combonianilimone.it\/wp-content\/uploads\/2025\/04\/Resurrezione-2.jpg","datePublished":"2025-04-19T18:16:23+00:00","dateModified":"2025-04-19T18:16:23+00:00","breadcrumb":{"@id":"https:\/\/combonianilimone.it\/?p=1619#breadcrumb"},"inLanguage":"it-IT","potentialAction":[{"@type":"ReadAction","target":["https:\/\/combonianilimone.it\/?p=1619"]}]},{"@type":"ImageObject","inLanguage":"it-IT","@id":"https:\/\/combonianilimone.it\/?p=1619#primaryimage","url":"https:\/\/combonianilimone.it\/wp-content\/uploads\/2025\/04\/Resurrezione-2.jpg","contentUrl":"https:\/\/combonianilimone.it\/wp-content\/uploads\/2025\/04\/Resurrezione-2.jpg","width":640,"height":640},{"@type":"BreadcrumbList","@id":"https:\/\/combonianilimone.it\/?p=1619#breadcrumb","itemListElement":[{"@type":"ListItem","position":1,"name":"Home","item":"https:\/\/combonianilimone.it\/"},{"@type":"ListItem","position":2,"name":"Pasqua 2025"}]},{"@type":"WebSite","@id":"https:\/\/combonianilimone.it\/#website","url":"https:\/\/combonianilimone.it\/","name":"Comboniani Limone sul Garda","description":"Casa Natale di San Daniele Comboni","publisher":{"@id":"https:\/\/combonianilimone.it\/#organization"},"potentialAction":[{"@type":"SearchAction","target":{"@type":"EntryPoint","urlTemplate":"https:\/\/combonianilimone.it\/?s={search_term_string}"},"query-input":"required name=search_term_string"}],"inLanguage":"it-IT"},{"@type":"Organization","@id":"https:\/\/combonianilimone.it\/#organization","name":"Missionari Comboniani Limone","url":"https:\/\/combonianilimone.it\/","logo":{"@type":"ImageObject","inLanguage":"it-IT","@id":"https:\/\/combonianilimone.it\/#\/schema\/logo\/image\/","url":"https:\/\/combonianilimone.it\/wp-content\/uploads\/2020\/12\/cropped-logo-LImone-2.png","contentUrl":"https:\/\/combonianilimone.it\/wp-content\/uploads\/2020\/12\/cropped-logo-LImone-2.png","width":512,"height":512,"caption":"Missionari Comboniani Limone"},"image":{"@id":"https:\/\/combonianilimone.it\/#\/schema\/logo\/image\/"},"sameAs":["https:\/\/www.facebook.com\/Missionari-Comboniani-Limone-sul-Garda-106606688030170\/"]},{"@type":"Person","@id":"https:\/\/combonianilimone.it\/#\/schema\/person\/d89eb5936e9953ecd0256775a9f52dcf","name":"vincenzo","image":{"@type":"ImageObject","inLanguage":"it-IT","@id":"https:\/\/combonianilimone.it\/#\/schema\/person\/image\/","url":"https:\/\/secure.gravatar.com\/avatar\/5cd1d9850ee512b5ebdc4dc6a9c60397c80a1e26a2cd617be7a41fce656a6eb8?s=96&d=mm&r=g","contentUrl":"https:\/\/secure.gravatar.com\/avatar\/5cd1d9850ee512b5ebdc4dc6a9c60397c80a1e26a2cd617be7a41fce656a6eb8?s=96&d=mm&r=g","caption":"vincenzo"},"url":"https:\/\/combonianilimone.it\/?author=5"}]}},"_links":{"self":[{"href":"https:\/\/combonianilimone.it\/index.php?rest_route=\/wp\/v2\/posts\/1619","targetHints":{"allow":["GET"]}}],"collection":[{"href":"https:\/\/combonianilimone.it\/index.php?rest_route=\/wp\/v2\/posts"}],"about":[{"href":"https:\/\/combonianilimone.it\/index.php?rest_route=\/wp\/v2\/types\/post"}],"author":[{"embeddable":true,"href":"https:\/\/combonianilimone.it\/index.php?rest_route=\/wp\/v2\/users\/5"}],"replies":[{"embeddable":true,"href":"https:\/\/combonianilimone.it\/index.php?rest_route=%2Fwp%2Fv2%2Fcomments&post=1619"}],"version-history":[{"count":1,"href":"https:\/\/combonianilimone.it\/index.php?rest_route=\/wp\/v2\/posts\/1619\/revisions"}],"predecessor-version":[{"id":1621,"href":"https:\/\/combonianilimone.it\/index.php?rest_route=\/wp\/v2\/posts\/1619\/revisions\/1621"}],"wp:featuredmedia":[{"embeddable":true,"href":"https:\/\/combonianilimone.it\/index.php?rest_route=\/wp\/v2\/media\/1620"}],"wp:attachment":[{"href":"https:\/\/combonianilimone.it\/index.php?rest_route=%2Fwp%2Fv2%2Fmedia&parent=1619"}],"wp:term":[{"taxonomy":"category","embeddable":true,"href":"https:\/\/combonianilimone.it\/index.php?rest_route=%2Fwp%2Fv2%2Fcategories&post=1619"},{"taxonomy":"post_tag","embeddable":true,"href":"https:\/\/combonianilimone.it\/index.php?rest_route=%2Fwp%2Fv2%2Ftags&post=1619"}],"curies":[{"name":"wp","href":"https:\/\/api.w.org\/{rel}","templated":true}]}}