{"id":1533,"date":"2024-11-23T14:15:00","date_gmt":"2024-11-23T13:15:00","guid":{"rendered":"https:\/\/combonianilimone.it\/?p=1533"},"modified":"2024-11-23T14:27:18","modified_gmt":"2024-11-23T13:27:18","slug":"solennita-di-cristo-re-2024-b","status":"publish","type":"post","link":"https:\/\/combonianilimone.it\/?p=1533","title":{"rendered":"Solennit\u00e0 di Cristo re &#8211; 2024 \/ B"},"content":{"rendered":"<p>Mentre il profeta Daniele si trova in esilio con il suo popolo riceve una visione notturna. Riceve, cio\u00e8, una luce che deve aiutare lui e il suo popolo a compiere un cammino in circostanze difficili, al buio, in situazioni di sicurezza, paura, confusione. In quelle situazioni, insomma, in cui pi\u00f9 chiaramente si sente il bisogno di un re, di uno a cui affidare la propria vita. Allora, proprio quando sembra che tutto, sia nella storia del mondo che nella tua storia, dipenda dal caso, o dal pi\u00f9 forte del momento, o da chi meglio destreggia la tecnologia, risplende questa luce nella notte: c\u2019\u00e8 uno che ha un potere diverso, regale, universale e che ti ama. A Pilato che crede di poter determinare la vita e la morte di Ges\u00f9 questi gli ricorda che solo Dio ha potere su tutti gli altri e ha potere anche sulle cose che ci fano soffrire. Per questo l\u2019apocalisse pu\u00f2 dire: A Colui che ci ama e ci ha liberati dal peccato con il suo sangue a lui la gloria e il dominio, su tutti i popoli e su tutta la storia.<\/p>\n<p>Egli, in effetti, \u00e8 l\u2019alfa e l\u2019omega, non solo perch\u00e9 porta a compimento tutti gli eventi della storia ma anche perch\u00e9 non smette di amarci. E l\u2019unico che ci ama veramente dall\u2019inizio alla fine. Chiunque pu\u00f2 guardare a lui, anche coloro che lo hanno trafitto perch\u00e9 il primogenito dei morti non vince la morte per vendicarsi ma per aiutarci a fare lo stesso. Quando l\u2019apocalisse dice che Egli fa di noi un popolo sacerdotale sta annunciando la nostra partecipazione al mistero pasquale, cio\u00e8 al passaggio da una vita vissuta per se stessi che muore ad una vita vissuta nel dono di se stessi che risorge. L\u2019amore sacerdotale, infatti, \u00e8 un amore simile a quello di Cristo che non ha offerto al padre sacrifici e olocausti ma se stesso, il proprio essere, il proprio agire e tutta la propria vita.<\/p>\n<p>Egli ci chiede di guardare a Lui trafitto e di affidargli la nostra vita, di imparare da lui a cercare non una gloria nostra o un potere nostro ma la verit\u00e0 che risplende sulla croce. Per accogliere pienamente questa verit\u00e0 devi imparare a contemplarla, devi andare oltre la superficie delle cose e cercare in te stesso una corrispondenza tra questo re che accetta di morire e risorgere per te e quello che accade nella tua vita. La visione notturna di Daniele poi ripresa nell&#8217;apocalisse si materializza nella scena del Vangelo di Giovanni. Qui il re Ges\u00f9 celeste umiliato incontra il re terreno Pilato che entra ed esce dal pretorio. Fuori dal pretorio Pilato incontra il popolo che rifiuta Ges\u00f9 e alla fine si lascer\u00e0 condizionare da quel rifiuto. Dentro invece incontra Ges\u00f9, solo a solo. Un Ges\u00f9 che rispetta pienamente la sua libert\u00e0 ma cerca di riportarlo a s\u00e9 stesso. Ogni volta che Pilato entra nel Pretorio in un certo senso rientra in s\u00e9 stesso e si confronta con la verit\u00e0. Li Ges\u00f9 vorrebbe invitarlo a ritrovare la sua libert\u00e0 aderendo alla verit\u00e0.<\/p>\n<p>La fatica di Pilato descrive la fatica e la resistenza di tutti gli uomini che, pur riconoscendo il primato dell\u2019amore hanno paura di affidare la loro vita ad esso e alla fine preferiscono rimanere in balia di interessi, di opportunit\u00e0, di apparenze, di falsi ideali che fondamentalmente vorrebbero garantirti un posto al sole in questo mondo. Ges\u00f9, dunque, non risponde alla domanda di Pilato ma ne pone una da parte sua: parli da te stesso o qualcuno ti ha parlato di me? La domanda deve provocare anche il nostro cuore. Spesso le persone si pongono mille interrogativi ma non trovano la verit\u00e0 e non fanno esperienza della grazia perch\u00e9 non parlano da s\u00e9 stessi e di s\u00e9 stessi. Non vogliono mettere in questione la loro vita ma soltanto le loro idee, le loro opinioni. La fede e l&#8217;incontro con Cristo non sono una discussione di idee ma un incontro vero con la verit\u00e0.<\/p>\n<p>E per realizzare questo incontro devi accettare di verificare non le ragioni astratte, le opinioni, le idee ma la corrispondenza tra le esigenze pi\u00f9 intime del tuo cuore \u2013 la verit\u00e0, la bellezza, la giustizia \u2013 e quello che tu fai nella tua vita e con la tua via. E questa verifica pu\u00f2 essere dolorosa perch\u00e9 normalmente essa porta alla luce l\u2019incongruenza, la distanza se non addirittura l\u2019opposizione tra l\u2019amore che splende sulla croce e le nostre mille paure che ci impediscono di essere noi stessi. Ma se non possiamo essere noi stessi non possiamo essere liberi. E se non siamo liberi non siamo nemmeno liberi di amare. Quando questa verit\u00e0 esistenziale diventa chiara ai nostri occhi proprio allora possiamo volgere lo sguardo al re che abbiamo trafitto e decidere se vogliamo credere che su quella croce egli da testimonianza ad una verit\u00e0 che non e\u2019 di questo mondo, una verit\u00e0 che prima di lui non poteva trovare posto in questo mondo. Una verit\u00e0 che rende visibile e vivibile l\u2019amore di Dio per noi. Allora possiamo decidere se vogliamo davvero affidare a lui la nostra libert\u00e0, a lui che ci ama e non smette mai di amarci e da quell\u2019amore lasciarci rigenerare: chi \u00e8 dalla verit\u00e0 ascolta la mia voce.<\/p>\n","protected":false},"excerpt":{"rendered":"<p>Mentre il profeta Daniele si trova in esilio con il suo popolo riceve una visione notturna. Riceve, cio\u00e8, una luce che deve aiutare lui e il suo popolo a compiere un cammino in circostanze difficili, al buio, in situazioni di sicurezza, paura, confusione. In quelle situazioni, insomma, in cui pi\u00f9 chiaramente si sente il bisogno [&hellip;]<\/p>\n","protected":false},"author":5,"featured_media":1536,"comment_status":"open","ping_status":"open","sticky":false,"template":"","format":"standard","meta":{"_et_pb_use_builder":"","_et_pb_old_content":"","_et_gb_content_width":"","footnotes":""},"categories":[5],"tags":[],"class_list":["post-1533","post","type-post","status-publish","format-standard","has-post-thumbnail","hentry","category-attualita"],"yoast_head":"<!-- This site is optimized with the Yoast SEO plugin v23.2 - https:\/\/yoast.com\/wordpress\/plugins\/seo\/ -->\n<title>Solennit\u00e0 di Cristo re - 2024 \/ B - Comboniani Limone sul Garda<\/title>\n<meta name=\"robots\" content=\"index, follow, max-snippet:-1, max-image-preview:large, max-video-preview:-1\" \/>\n<link rel=\"canonical\" href=\"https:\/\/combonianilimone.it\/?p=1533\" \/>\n<meta property=\"og:locale\" content=\"it_IT\" \/>\n<meta property=\"og:type\" content=\"article\" \/>\n<meta property=\"og:title\" content=\"Solennit\u00e0 di Cristo re - 2024 \/ B - Comboniani Limone sul Garda\" \/>\n<meta property=\"og:description\" content=\"Mentre il profeta Daniele si trova in esilio con il suo popolo riceve una visione notturna. Riceve, cio\u00e8, una luce che deve aiutare lui e il suo popolo a compiere un cammino in circostanze difficili, al buio, in situazioni di sicurezza, paura, confusione. In quelle situazioni, insomma, in cui pi\u00f9 chiaramente si sente il bisogno [&hellip;]\" \/>\n<meta property=\"og:url\" content=\"https:\/\/combonianilimone.it\/?p=1533\" \/>\n<meta property=\"og:site_name\" content=\"Comboniani Limone sul Garda\" \/>\n<meta property=\"article:publisher\" content=\"https:\/\/www.facebook.com\/Missionari-Comboniani-Limone-sul-Garda-106606688030170\/\" \/>\n<meta property=\"article:published_time\" content=\"2024-11-23T13:15:00+00:00\" \/>\n<meta property=\"article:modified_time\" content=\"2024-11-23T13:27:18+00:00\" \/>\n<meta property=\"og:image\" content=\"https:\/\/combonianilimone.it\/wp-content\/uploads\/2024\/11\/Cristo-Re2.jpg\" \/>\n\t<meta property=\"og:image:width\" content=\"267\" \/>\n\t<meta property=\"og:image:height\" content=\"400\" \/>\n\t<meta property=\"og:image:type\" content=\"image\/jpeg\" \/>\n<meta name=\"author\" content=\"vincenzo\" \/>\n<meta name=\"twitter:card\" content=\"summary_large_image\" \/>\n<meta name=\"twitter:label1\" content=\"Scritto da\" \/>\n\t<meta name=\"twitter:data1\" content=\"vincenzo\" \/>\n\t<meta name=\"twitter:label2\" content=\"Tempo di lettura stimato\" \/>\n\t<meta name=\"twitter:data2\" content=\"5 minuti\" \/>\n<script type=\"application\/ld+json\" class=\"yoast-schema-graph\">{\"@context\":\"https:\/\/schema.org\",\"@graph\":[{\"@type\":\"Article\",\"@id\":\"https:\/\/combonianilimone.it\/?p=1533#article\",\"isPartOf\":{\"@id\":\"https:\/\/combonianilimone.it\/?p=1533\"},\"author\":{\"name\":\"vincenzo\",\"@id\":\"https:\/\/combonianilimone.it\/#\/schema\/person\/d89eb5936e9953ecd0256775a9f52dcf\"},\"headline\":\"Solennit\u00e0 di Cristo re &#8211; 2024 \/ B\",\"datePublished\":\"2024-11-23T13:15:00+00:00\",\"dateModified\":\"2024-11-23T13:27:18+00:00\",\"mainEntityOfPage\":{\"@id\":\"https:\/\/combonianilimone.it\/?p=1533\"},\"wordCount\":886,\"commentCount\":0,\"publisher\":{\"@id\":\"https:\/\/combonianilimone.it\/#organization\"},\"image\":{\"@id\":\"https:\/\/combonianilimone.it\/?p=1533#primaryimage\"},\"thumbnailUrl\":\"https:\/\/combonianilimone.it\/wp-content\/uploads\/2024\/11\/Cristo-Re2.jpg\",\"articleSection\":[\"attualit\u00e0\"],\"inLanguage\":\"it-IT\",\"potentialAction\":[{\"@type\":\"CommentAction\",\"name\":\"Comment\",\"target\":[\"https:\/\/combonianilimone.it\/?p=1533#respond\"]}]},{\"@type\":\"WebPage\",\"@id\":\"https:\/\/combonianilimone.it\/?p=1533\",\"url\":\"https:\/\/combonianilimone.it\/?p=1533\",\"name\":\"Solennit\u00e0 di Cristo re - 2024 \/ B - Comboniani Limone sul Garda\",\"isPartOf\":{\"@id\":\"https:\/\/combonianilimone.it\/#website\"},\"primaryImageOfPage\":{\"@id\":\"https:\/\/combonianilimone.it\/?p=1533#primaryimage\"},\"image\":{\"@id\":\"https:\/\/combonianilimone.it\/?p=1533#primaryimage\"},\"thumbnailUrl\":\"https:\/\/combonianilimone.it\/wp-content\/uploads\/2024\/11\/Cristo-Re2.jpg\",\"datePublished\":\"2024-11-23T13:15:00+00:00\",\"dateModified\":\"2024-11-23T13:27:18+00:00\",\"breadcrumb\":{\"@id\":\"https:\/\/combonianilimone.it\/?p=1533#breadcrumb\"},\"inLanguage\":\"it-IT\",\"potentialAction\":[{\"@type\":\"ReadAction\",\"target\":[\"https:\/\/combonianilimone.it\/?p=1533\"]}]},{\"@type\":\"ImageObject\",\"inLanguage\":\"it-IT\",\"@id\":\"https:\/\/combonianilimone.it\/?p=1533#primaryimage\",\"url\":\"https:\/\/combonianilimone.it\/wp-content\/uploads\/2024\/11\/Cristo-Re2.jpg\",\"contentUrl\":\"https:\/\/combonianilimone.it\/wp-content\/uploads\/2024\/11\/Cristo-Re2.jpg\",\"width\":267,\"height\":400},{\"@type\":\"BreadcrumbList\",\"@id\":\"https:\/\/combonianilimone.it\/?p=1533#breadcrumb\",\"itemListElement\":[{\"@type\":\"ListItem\",\"position\":1,\"name\":\"Home\",\"item\":\"https:\/\/combonianilimone.it\/\"},{\"@type\":\"ListItem\",\"position\":2,\"name\":\"Solennit\u00e0 di Cristo re &#8211; 2024 \/ B\"}]},{\"@type\":\"WebSite\",\"@id\":\"https:\/\/combonianilimone.it\/#website\",\"url\":\"https:\/\/combonianilimone.it\/\",\"name\":\"Comboniani Limone sul Garda\",\"description\":\"Casa Natale di San Daniele Comboni\",\"publisher\":{\"@id\":\"https:\/\/combonianilimone.it\/#organization\"},\"potentialAction\":[{\"@type\":\"SearchAction\",\"target\":{\"@type\":\"EntryPoint\",\"urlTemplate\":\"https:\/\/combonianilimone.it\/?s={search_term_string}\"},\"query-input\":\"required name=search_term_string\"}],\"inLanguage\":\"it-IT\"},{\"@type\":\"Organization\",\"@id\":\"https:\/\/combonianilimone.it\/#organization\",\"name\":\"Missionari Comboniani Limone\",\"url\":\"https:\/\/combonianilimone.it\/\",\"logo\":{\"@type\":\"ImageObject\",\"inLanguage\":\"it-IT\",\"@id\":\"https:\/\/combonianilimone.it\/#\/schema\/logo\/image\/\",\"url\":\"https:\/\/combonianilimone.it\/wp-content\/uploads\/2020\/12\/cropped-logo-LImone-2.png\",\"contentUrl\":\"https:\/\/combonianilimone.it\/wp-content\/uploads\/2020\/12\/cropped-logo-LImone-2.png\",\"width\":512,\"height\":512,\"caption\":\"Missionari Comboniani Limone\"},\"image\":{\"@id\":\"https:\/\/combonianilimone.it\/#\/schema\/logo\/image\/\"},\"sameAs\":[\"https:\/\/www.facebook.com\/Missionari-Comboniani-Limone-sul-Garda-106606688030170\/\"]},{\"@type\":\"Person\",\"@id\":\"https:\/\/combonianilimone.it\/#\/schema\/person\/d89eb5936e9953ecd0256775a9f52dcf\",\"name\":\"vincenzo\",\"image\":{\"@type\":\"ImageObject\",\"inLanguage\":\"it-IT\",\"@id\":\"https:\/\/combonianilimone.it\/#\/schema\/person\/image\/\",\"url\":\"https:\/\/secure.gravatar.com\/avatar\/5cd1d9850ee512b5ebdc4dc6a9c60397c80a1e26a2cd617be7a41fce656a6eb8?s=96&d=mm&r=g\",\"contentUrl\":\"https:\/\/secure.gravatar.com\/avatar\/5cd1d9850ee512b5ebdc4dc6a9c60397c80a1e26a2cd617be7a41fce656a6eb8?s=96&d=mm&r=g\",\"caption\":\"vincenzo\"},\"url\":\"https:\/\/combonianilimone.it\/?author=5\"}]}<\/script>\n<!-- \/ Yoast SEO plugin. -->","yoast_head_json":{"title":"Solennit\u00e0 di Cristo re - 2024 \/ B - Comboniani Limone sul Garda","robots":{"index":"index","follow":"follow","max-snippet":"max-snippet:-1","max-image-preview":"max-image-preview:large","max-video-preview":"max-video-preview:-1"},"canonical":"https:\/\/combonianilimone.it\/?p=1533","og_locale":"it_IT","og_type":"article","og_title":"Solennit\u00e0 di Cristo re - 2024 \/ B - Comboniani Limone sul Garda","og_description":"Mentre il profeta Daniele si trova in esilio con il suo popolo riceve una visione notturna. Riceve, cio\u00e8, una luce che deve aiutare lui e il suo popolo a compiere un cammino in circostanze difficili, al buio, in situazioni di sicurezza, paura, confusione. In quelle situazioni, insomma, in cui pi\u00f9 chiaramente si sente il bisogno [&hellip;]","og_url":"https:\/\/combonianilimone.it\/?p=1533","og_site_name":"Comboniani Limone sul Garda","article_publisher":"https:\/\/www.facebook.com\/Missionari-Comboniani-Limone-sul-Garda-106606688030170\/","article_published_time":"2024-11-23T13:15:00+00:00","article_modified_time":"2024-11-23T13:27:18+00:00","og_image":[{"width":267,"height":400,"url":"https:\/\/combonianilimone.it\/wp-content\/uploads\/2024\/11\/Cristo-Re2.jpg","type":"image\/jpeg"}],"author":"vincenzo","twitter_card":"summary_large_image","twitter_misc":{"Scritto da":"vincenzo","Tempo di lettura stimato":"5 minuti"},"schema":{"@context":"https:\/\/schema.org","@graph":[{"@type":"Article","@id":"https:\/\/combonianilimone.it\/?p=1533#article","isPartOf":{"@id":"https:\/\/combonianilimone.it\/?p=1533"},"author":{"name":"vincenzo","@id":"https:\/\/combonianilimone.it\/#\/schema\/person\/d89eb5936e9953ecd0256775a9f52dcf"},"headline":"Solennit\u00e0 di Cristo re &#8211; 2024 \/ B","datePublished":"2024-11-23T13:15:00+00:00","dateModified":"2024-11-23T13:27:18+00:00","mainEntityOfPage":{"@id":"https:\/\/combonianilimone.it\/?p=1533"},"wordCount":886,"commentCount":0,"publisher":{"@id":"https:\/\/combonianilimone.it\/#organization"},"image":{"@id":"https:\/\/combonianilimone.it\/?p=1533#primaryimage"},"thumbnailUrl":"https:\/\/combonianilimone.it\/wp-content\/uploads\/2024\/11\/Cristo-Re2.jpg","articleSection":["attualit\u00e0"],"inLanguage":"it-IT","potentialAction":[{"@type":"CommentAction","name":"Comment","target":["https:\/\/combonianilimone.it\/?p=1533#respond"]}]},{"@type":"WebPage","@id":"https:\/\/combonianilimone.it\/?p=1533","url":"https:\/\/combonianilimone.it\/?p=1533","name":"Solennit\u00e0 di Cristo re - 2024 \/ B - Comboniani Limone sul Garda","isPartOf":{"@id":"https:\/\/combonianilimone.it\/#website"},"primaryImageOfPage":{"@id":"https:\/\/combonianilimone.it\/?p=1533#primaryimage"},"image":{"@id":"https:\/\/combonianilimone.it\/?p=1533#primaryimage"},"thumbnailUrl":"https:\/\/combonianilimone.it\/wp-content\/uploads\/2024\/11\/Cristo-Re2.jpg","datePublished":"2024-11-23T13:15:00+00:00","dateModified":"2024-11-23T13:27:18+00:00","breadcrumb":{"@id":"https:\/\/combonianilimone.it\/?p=1533#breadcrumb"},"inLanguage":"it-IT","potentialAction":[{"@type":"ReadAction","target":["https:\/\/combonianilimone.it\/?p=1533"]}]},{"@type":"ImageObject","inLanguage":"it-IT","@id":"https:\/\/combonianilimone.it\/?p=1533#primaryimage","url":"https:\/\/combonianilimone.it\/wp-content\/uploads\/2024\/11\/Cristo-Re2.jpg","contentUrl":"https:\/\/combonianilimone.it\/wp-content\/uploads\/2024\/11\/Cristo-Re2.jpg","width":267,"height":400},{"@type":"BreadcrumbList","@id":"https:\/\/combonianilimone.it\/?p=1533#breadcrumb","itemListElement":[{"@type":"ListItem","position":1,"name":"Home","item":"https:\/\/combonianilimone.it\/"},{"@type":"ListItem","position":2,"name":"Solennit\u00e0 di Cristo re &#8211; 2024 \/ B"}]},{"@type":"WebSite","@id":"https:\/\/combonianilimone.it\/#website","url":"https:\/\/combonianilimone.it\/","name":"Comboniani Limone sul Garda","description":"Casa Natale di San Daniele Comboni","publisher":{"@id":"https:\/\/combonianilimone.it\/#organization"},"potentialAction":[{"@type":"SearchAction","target":{"@type":"EntryPoint","urlTemplate":"https:\/\/combonianilimone.it\/?s={search_term_string}"},"query-input":"required name=search_term_string"}],"inLanguage":"it-IT"},{"@type":"Organization","@id":"https:\/\/combonianilimone.it\/#organization","name":"Missionari Comboniani Limone","url":"https:\/\/combonianilimone.it\/","logo":{"@type":"ImageObject","inLanguage":"it-IT","@id":"https:\/\/combonianilimone.it\/#\/schema\/logo\/image\/","url":"https:\/\/combonianilimone.it\/wp-content\/uploads\/2020\/12\/cropped-logo-LImone-2.png","contentUrl":"https:\/\/combonianilimone.it\/wp-content\/uploads\/2020\/12\/cropped-logo-LImone-2.png","width":512,"height":512,"caption":"Missionari Comboniani Limone"},"image":{"@id":"https:\/\/combonianilimone.it\/#\/schema\/logo\/image\/"},"sameAs":["https:\/\/www.facebook.com\/Missionari-Comboniani-Limone-sul-Garda-106606688030170\/"]},{"@type":"Person","@id":"https:\/\/combonianilimone.it\/#\/schema\/person\/d89eb5936e9953ecd0256775a9f52dcf","name":"vincenzo","image":{"@type":"ImageObject","inLanguage":"it-IT","@id":"https:\/\/combonianilimone.it\/#\/schema\/person\/image\/","url":"https:\/\/secure.gravatar.com\/avatar\/5cd1d9850ee512b5ebdc4dc6a9c60397c80a1e26a2cd617be7a41fce656a6eb8?s=96&d=mm&r=g","contentUrl":"https:\/\/secure.gravatar.com\/avatar\/5cd1d9850ee512b5ebdc4dc6a9c60397c80a1e26a2cd617be7a41fce656a6eb8?s=96&d=mm&r=g","caption":"vincenzo"},"url":"https:\/\/combonianilimone.it\/?author=5"}]}},"_links":{"self":[{"href":"https:\/\/combonianilimone.it\/index.php?rest_route=\/wp\/v2\/posts\/1533","targetHints":{"allow":["GET"]}}],"collection":[{"href":"https:\/\/combonianilimone.it\/index.php?rest_route=\/wp\/v2\/posts"}],"about":[{"href":"https:\/\/combonianilimone.it\/index.php?rest_route=\/wp\/v2\/types\/post"}],"author":[{"embeddable":true,"href":"https:\/\/combonianilimone.it\/index.php?rest_route=\/wp\/v2\/users\/5"}],"replies":[{"embeddable":true,"href":"https:\/\/combonianilimone.it\/index.php?rest_route=%2Fwp%2Fv2%2Fcomments&post=1533"}],"version-history":[{"count":1,"href":"https:\/\/combonianilimone.it\/index.php?rest_route=\/wp\/v2\/posts\/1533\/revisions"}],"predecessor-version":[{"id":1535,"href":"https:\/\/combonianilimone.it\/index.php?rest_route=\/wp\/v2\/posts\/1533\/revisions\/1535"}],"wp:featuredmedia":[{"embeddable":true,"href":"https:\/\/combonianilimone.it\/index.php?rest_route=\/wp\/v2\/media\/1536"}],"wp:attachment":[{"href":"https:\/\/combonianilimone.it\/index.php?rest_route=%2Fwp%2Fv2%2Fmedia&parent=1533"}],"wp:term":[{"taxonomy":"category","embeddable":true,"href":"https:\/\/combonianilimone.it\/index.php?rest_route=%2Fwp%2Fv2%2Fcategories&post=1533"},{"taxonomy":"post_tag","embeddable":true,"href":"https:\/\/combonianilimone.it\/index.php?rest_route=%2Fwp%2Fv2%2Ftags&post=1533"}],"curies":[{"name":"wp","href":"https:\/\/api.w.org\/{rel}","templated":true}]}}