{"id":1279,"date":"2023-12-02T15:23:31","date_gmt":"2023-12-02T14:23:31","guid":{"rendered":"https:\/\/combonianilimone.it\/?p=1279"},"modified":"2023-12-02T15:23:31","modified_gmt":"2023-12-02T14:23:31","slug":"la-grazia-di-vivere-da-svegli","status":"publish","type":"post","link":"https:\/\/combonianilimone.it\/?p=1279","title":{"rendered":"La grazia di vivere da svegli"},"content":{"rendered":"<p><strong>Domenica 3 dicembre 2023 \u2013 I di avvento\/b<\/strong><\/p>\n<p>Per comprendere il monito di Ges\u00f9 alla veglia e all\u2019attesa, occorre comprendere che cosa significhi vivere addormentati. In tal senso \u00e8 illuminante la preghiera di Isaia. In essa il profeta chiede a Dio di \u201cstrappare il cielo\u201d quasi che siano stati gli uomini stessi a chiuderlo. Sono essi, infatti, che hanno cessato di scrutare il cielo ed hanno \u201cescluso\u201d Dio dalle loro attese allontanandosi dalle sue vie. Ci si allontana dalle vie del Signore perch\u00e9 fondamentalmente si smette di credere che camminando in esse ci sia la possibilit\u00e0 reale che Dio ci possa venirci incontro. Che Dio sia interessato a camminare con noi sotto il nostro cielo. Il popolo di Israele \u00e8 addormentato perch\u00e9 \u00e8 un popolo che ha il cuore indurito, incapace di sperimentare il timore del Signore. Il timore del Signore non \u00e8 poca cosa. Concretamente esso esprime il timore del far del male. E se uno non ha paura di far del male vuol dire che \u00e8 capace di qualsiasi cosa e che prima o poi far\u00e0 molto male, senza nemmeno forse rendersene pienamente conto. Perfino i loro atti di giustizia, dice Isaia, sono cos\u00ec ambigui, interessati, meschini da poter essere paragonati ad un panno sporco, immondo.<\/p>\n<p>Un popolo addormentato \u00e8 un popolo incapace di stabilit\u00e0, di perseveranza, di impegnarsi in cose che richiedono pazienza, tempo, gradualit\u00e0 e la fedelt\u00e0 \u201cal proprio compito\u201d. Sono come foglie portate dal vento, conclude Isaia, e non si scuotono, non si svegliano per aggrapparsi a Dio, per cercare una forza che non \u00e8 la loro e che \u00e8 pi\u00f9 grande della loro. Questa debolezza mortale, questa instabilit\u00e0 che ti rende prigioniero delle tue voglie, dei tuoi sentimentalismi, di emozioni passeggere che non maturano mai nell\u2019amore, questo vuoto interiore che \u00e8 legato alla durezza del cuore sono tanto pi\u00f9 insidiosi quanto pi\u00f9 essi sono inconsapevoli, vissuti nel sonno. In questa situazione l\u2019avvento \u00e8 come un grido nella notte in risposta alla preghiera del profeta Isaia che diceva: squarcia il cielo e vienici incontro.<\/p>\n<p>L\u2019avvento \u00e8 il farsi presente di Dio nella nostra vita attraverso l\u2019incarnazione del suo Figlio che, risuscitando dai morti, ha svegliato anche noi da una vita che altrimenti non sarebbe altro che una preparazione alla morte. L\u2019attesa di nulla. La caratteristica della vita cristiana \u00e8 la vigilanza, il sottrarsi ad una sonnolenza che accomuna l\u2019umanit\u00e0 inconsapevole del Vangelo. Ci svegliamo dal sonno quando prendiamo sul serio questo annuncio di San Paolo: siamo chiamati alla comunione con Cristo risorto. Ci svegliamo dal sonno quando consideriamo seriamente questa possibilit\u00e0: che io possa vivere questa vita non nella solitudine del mio ego e nemmeno solo nella compagnia di altri che muoiono come me, ma fondamentalmente nella comunione con il Cristo e nella partecipazione alla sua vita risorta. Non una comunione che verr\u00e0 ma una comunione che tocca e trasforma la mia vita. \u00c8 pur vero che non sperimentiamo ancora la sua presenza gloriosa. \u00c8 come un padrone di casa che \u00e8 partito in viaggio, dice Ges\u00f9 nel Vangelo. Ma \u00e8 anche vero, continua Ges\u00f9, che il maestro ha lasciato ai suoi servi la sua stessa autorit\u00e0, e a ciascuno il suo compito.<\/p>\n<p>L\u2019autorit\u00e0 di Cristo \u00e8 la possibilit\u00e0 di vivere da svegli, da risorti. La storia umana di Ges\u00f9 non \u00e8 un fatto accaduto 2000 anni fa e concluso con la sua morte. La sua venuta continua nella storia della mia vita, di ogni vita, che pu\u00f2 essere breve o lunga, concludersi a met\u00e0 della notte, al canto del gallo oppure all&#8217;alba, ma \u00e8 sempre una storia che va non verso una fine ma verso un nuovo mattino e si conclude con la manifestazione del risorto. Non solo la manifestazione di Cristo fuori di me, nella sua venuta finale, ma anche la manifestazione di Cristo nella mia stessa vita che viene trasformata, valorizzata, espansa nell\u2019amore. Questa manifestazione di Cristo in me non \u00e8 uno stampo preconfezionato. \u00c8 l\u2019azione del Padre che giorno per giorno ci modella nell\u2019immagine del figlio come il vasaio modella l\u2019argilla, dice Isaia. Se crediamo davvero che l\u2019immagine del suo figlio \u00e8 il compimento della nostra personalit\u00e0 interiore e di tutta la nostra vita. Siamo chiamati alla comunione con Cristo risorto, a partecipare all\u2019autorit\u00e0 che deriva dalla sua vita risorta. Io vivo costantemente nel ringraziamento, dice San Paolo, perch\u00e9 vedo che non vi manca nulla, vedo che siete ricchi di ogni dono. Non parla ad un singolo. Parla a tutti, alla comunit\u00e0 intera. Io partecipo a questi doni e a tutta la ricchezza della vita di Cristo semplicemente stando dentro la \u201ccasa\u201d, partecipando alla vita della chiesa, vivendo in termini di comunione. Non bisogna temere che Ges\u00f9 venga nella mia vita e io non me ne accorga. Non devo \u201cindovinare\u201d come o quando verr\u00e0 il Signore perch\u00e9 finch\u00e9 viva la mia vita nella comunione della chiesa so che vi \u00e8 un portiere nella casa. Vi \u00e8 una grazia data alla casa intera che \u00e8 la grazia di dispormi all\u2019accoglienza di Cristo. \u00c8 la grazia dell\u2019avvento. E vi \u00e8 una grazia data al fratello e alla sorella di allertarmi, di aiutarmi, di sostenermi nella vigilanza. A me \u00e8 chiesto di rimanere fedele al compito a me affidato, di rimanere nella mia storia, di vivere con fedelt\u00e0 e responsabilit\u00e0 le piccole cose di ogni giorno.<\/p>\n","protected":false},"excerpt":{"rendered":"<p>Domenica 3 dicembre 2023 \u2013 I di avvento\/b Per comprendere il monito di Ges\u00f9 alla veglia e all\u2019attesa, occorre comprendere che cosa significhi vivere addormentati. In tal senso \u00e8 illuminante la preghiera di Isaia. In essa il profeta chiede a Dio di \u201cstrappare il cielo\u201d quasi che siano stati gli uomini stessi a chiuderlo. Sono [&hellip;]<\/p>\n","protected":false},"author":5,"featured_media":1280,"comment_status":"open","ping_status":"open","sticky":false,"template":"","format":"standard","meta":{"_et_pb_use_builder":"","_et_pb_old_content":"","_et_gb_content_width":"","footnotes":""},"categories":[5],"tags":[],"class_list":["post-1279","post","type-post","status-publish","format-standard","has-post-thumbnail","hentry","category-attualita"],"yoast_head":"<!-- This site is optimized with the Yoast SEO plugin v23.2 - https:\/\/yoast.com\/wordpress\/plugins\/seo\/ -->\n<title>La grazia di vivere da svegli - Comboniani Limone sul Garda<\/title>\n<meta name=\"robots\" content=\"index, follow, max-snippet:-1, max-image-preview:large, max-video-preview:-1\" \/>\n<link rel=\"canonical\" href=\"https:\/\/combonianilimone.it\/?p=1279\" \/>\n<meta property=\"og:locale\" content=\"it_IT\" \/>\n<meta property=\"og:type\" content=\"article\" \/>\n<meta property=\"og:title\" content=\"La grazia di vivere da svegli - Comboniani Limone sul Garda\" \/>\n<meta property=\"og:description\" content=\"Domenica 3 dicembre 2023 \u2013 I di avvento\/b Per comprendere il monito di Ges\u00f9 alla veglia e all\u2019attesa, occorre comprendere che cosa significhi vivere addormentati. In tal senso \u00e8 illuminante la preghiera di Isaia. In essa il profeta chiede a Dio di \u201cstrappare il cielo\u201d quasi che siano stati gli uomini stessi a chiuderlo. Sono [&hellip;]\" \/>\n<meta property=\"og:url\" content=\"https:\/\/combonianilimone.it\/?p=1279\" \/>\n<meta property=\"og:site_name\" content=\"Comboniani Limone sul Garda\" \/>\n<meta property=\"article:publisher\" content=\"https:\/\/www.facebook.com\/Missionari-Comboniani-Limone-sul-Garda-106606688030170\/\" \/>\n<meta property=\"article:published_time\" content=\"2023-12-02T14:23:31+00:00\" \/>\n<meta property=\"og:image\" content=\"https:\/\/combonianilimone.it\/wp-content\/uploads\/2023\/12\/Avvento-1.jpg\" \/>\n\t<meta property=\"og:image:width\" content=\"1600\" \/>\n\t<meta property=\"og:image:height\" content=\"1200\" \/>\n\t<meta property=\"og:image:type\" content=\"image\/jpeg\" \/>\n<meta name=\"author\" content=\"vincenzo\" \/>\n<meta name=\"twitter:card\" content=\"summary_large_image\" \/>\n<meta name=\"twitter:label1\" content=\"Scritto da\" \/>\n\t<meta name=\"twitter:data1\" content=\"vincenzo\" \/>\n\t<meta name=\"twitter:label2\" content=\"Tempo di lettura stimato\" \/>\n\t<meta name=\"twitter:data2\" content=\"4 minuti\" \/>\n<script type=\"application\/ld+json\" class=\"yoast-schema-graph\">{\"@context\":\"https:\/\/schema.org\",\"@graph\":[{\"@type\":\"Article\",\"@id\":\"https:\/\/combonianilimone.it\/?p=1279#article\",\"isPartOf\":{\"@id\":\"https:\/\/combonianilimone.it\/?p=1279\"},\"author\":{\"name\":\"vincenzo\",\"@id\":\"https:\/\/combonianilimone.it\/#\/schema\/person\/d89eb5936e9953ecd0256775a9f52dcf\"},\"headline\":\"La grazia di vivere da svegli\",\"datePublished\":\"2023-12-02T14:23:31+00:00\",\"dateModified\":\"2023-12-02T14:23:31+00:00\",\"mainEntityOfPage\":{\"@id\":\"https:\/\/combonianilimone.it\/?p=1279\"},\"wordCount\":873,\"commentCount\":0,\"publisher\":{\"@id\":\"https:\/\/combonianilimone.it\/#organization\"},\"image\":{\"@id\":\"https:\/\/combonianilimone.it\/?p=1279#primaryimage\"},\"thumbnailUrl\":\"https:\/\/combonianilimone.it\/wp-content\/uploads\/2023\/12\/Avvento-1.jpg\",\"articleSection\":[\"attualit\u00e0\"],\"inLanguage\":\"it-IT\",\"potentialAction\":[{\"@type\":\"CommentAction\",\"name\":\"Comment\",\"target\":[\"https:\/\/combonianilimone.it\/?p=1279#respond\"]}]},{\"@type\":\"WebPage\",\"@id\":\"https:\/\/combonianilimone.it\/?p=1279\",\"url\":\"https:\/\/combonianilimone.it\/?p=1279\",\"name\":\"La grazia di vivere da svegli - Comboniani Limone sul Garda\",\"isPartOf\":{\"@id\":\"https:\/\/combonianilimone.it\/#website\"},\"primaryImageOfPage\":{\"@id\":\"https:\/\/combonianilimone.it\/?p=1279#primaryimage\"},\"image\":{\"@id\":\"https:\/\/combonianilimone.it\/?p=1279#primaryimage\"},\"thumbnailUrl\":\"https:\/\/combonianilimone.it\/wp-content\/uploads\/2023\/12\/Avvento-1.jpg\",\"datePublished\":\"2023-12-02T14:23:31+00:00\",\"dateModified\":\"2023-12-02T14:23:31+00:00\",\"breadcrumb\":{\"@id\":\"https:\/\/combonianilimone.it\/?p=1279#breadcrumb\"},\"inLanguage\":\"it-IT\",\"potentialAction\":[{\"@type\":\"ReadAction\",\"target\":[\"https:\/\/combonianilimone.it\/?p=1279\"]}]},{\"@type\":\"ImageObject\",\"inLanguage\":\"it-IT\",\"@id\":\"https:\/\/combonianilimone.it\/?p=1279#primaryimage\",\"url\":\"https:\/\/combonianilimone.it\/wp-content\/uploads\/2023\/12\/Avvento-1.jpg\",\"contentUrl\":\"https:\/\/combonianilimone.it\/wp-content\/uploads\/2023\/12\/Avvento-1.jpg\",\"width\":1600,\"height\":1200},{\"@type\":\"BreadcrumbList\",\"@id\":\"https:\/\/combonianilimone.it\/?p=1279#breadcrumb\",\"itemListElement\":[{\"@type\":\"ListItem\",\"position\":1,\"name\":\"Home\",\"item\":\"https:\/\/combonianilimone.it\/\"},{\"@type\":\"ListItem\",\"position\":2,\"name\":\"La grazia di vivere da svegli\"}]},{\"@type\":\"WebSite\",\"@id\":\"https:\/\/combonianilimone.it\/#website\",\"url\":\"https:\/\/combonianilimone.it\/\",\"name\":\"Comboniani Limone sul Garda\",\"description\":\"Casa Natale di San Daniele Comboni\",\"publisher\":{\"@id\":\"https:\/\/combonianilimone.it\/#organization\"},\"potentialAction\":[{\"@type\":\"SearchAction\",\"target\":{\"@type\":\"EntryPoint\",\"urlTemplate\":\"https:\/\/combonianilimone.it\/?s={search_term_string}\"},\"query-input\":\"required name=search_term_string\"}],\"inLanguage\":\"it-IT\"},{\"@type\":\"Organization\",\"@id\":\"https:\/\/combonianilimone.it\/#organization\",\"name\":\"Missionari Comboniani Limone\",\"url\":\"https:\/\/combonianilimone.it\/\",\"logo\":{\"@type\":\"ImageObject\",\"inLanguage\":\"it-IT\",\"@id\":\"https:\/\/combonianilimone.it\/#\/schema\/logo\/image\/\",\"url\":\"https:\/\/combonianilimone.it\/wp-content\/uploads\/2020\/12\/cropped-logo-LImone-2.png\",\"contentUrl\":\"https:\/\/combonianilimone.it\/wp-content\/uploads\/2020\/12\/cropped-logo-LImone-2.png\",\"width\":512,\"height\":512,\"caption\":\"Missionari Comboniani Limone\"},\"image\":{\"@id\":\"https:\/\/combonianilimone.it\/#\/schema\/logo\/image\/\"},\"sameAs\":[\"https:\/\/www.facebook.com\/Missionari-Comboniani-Limone-sul-Garda-106606688030170\/\"]},{\"@type\":\"Person\",\"@id\":\"https:\/\/combonianilimone.it\/#\/schema\/person\/d89eb5936e9953ecd0256775a9f52dcf\",\"name\":\"vincenzo\",\"image\":{\"@type\":\"ImageObject\",\"inLanguage\":\"it-IT\",\"@id\":\"https:\/\/combonianilimone.it\/#\/schema\/person\/image\/\",\"url\":\"https:\/\/secure.gravatar.com\/avatar\/5cd1d9850ee512b5ebdc4dc6a9c60397c80a1e26a2cd617be7a41fce656a6eb8?s=96&d=mm&r=g\",\"contentUrl\":\"https:\/\/secure.gravatar.com\/avatar\/5cd1d9850ee512b5ebdc4dc6a9c60397c80a1e26a2cd617be7a41fce656a6eb8?s=96&d=mm&r=g\",\"caption\":\"vincenzo\"},\"url\":\"https:\/\/combonianilimone.it\/?author=5\"}]}<\/script>\n<!-- \/ Yoast SEO plugin. -->","yoast_head_json":{"title":"La grazia di vivere da svegli - Comboniani Limone sul Garda","robots":{"index":"index","follow":"follow","max-snippet":"max-snippet:-1","max-image-preview":"max-image-preview:large","max-video-preview":"max-video-preview:-1"},"canonical":"https:\/\/combonianilimone.it\/?p=1279","og_locale":"it_IT","og_type":"article","og_title":"La grazia di vivere da svegli - Comboniani Limone sul Garda","og_description":"Domenica 3 dicembre 2023 \u2013 I di avvento\/b Per comprendere il monito di Ges\u00f9 alla veglia e all\u2019attesa, occorre comprendere che cosa significhi vivere addormentati. In tal senso \u00e8 illuminante la preghiera di Isaia. In essa il profeta chiede a Dio di \u201cstrappare il cielo\u201d quasi che siano stati gli uomini stessi a chiuderlo. Sono [&hellip;]","og_url":"https:\/\/combonianilimone.it\/?p=1279","og_site_name":"Comboniani Limone sul Garda","article_publisher":"https:\/\/www.facebook.com\/Missionari-Comboniani-Limone-sul-Garda-106606688030170\/","article_published_time":"2023-12-02T14:23:31+00:00","og_image":[{"width":1600,"height":1200,"url":"https:\/\/combonianilimone.it\/wp-content\/uploads\/2023\/12\/Avvento-1.jpg","type":"image\/jpeg"}],"author":"vincenzo","twitter_card":"summary_large_image","twitter_misc":{"Scritto da":"vincenzo","Tempo di lettura stimato":"4 minuti"},"schema":{"@context":"https:\/\/schema.org","@graph":[{"@type":"Article","@id":"https:\/\/combonianilimone.it\/?p=1279#article","isPartOf":{"@id":"https:\/\/combonianilimone.it\/?p=1279"},"author":{"name":"vincenzo","@id":"https:\/\/combonianilimone.it\/#\/schema\/person\/d89eb5936e9953ecd0256775a9f52dcf"},"headline":"La grazia di vivere da svegli","datePublished":"2023-12-02T14:23:31+00:00","dateModified":"2023-12-02T14:23:31+00:00","mainEntityOfPage":{"@id":"https:\/\/combonianilimone.it\/?p=1279"},"wordCount":873,"commentCount":0,"publisher":{"@id":"https:\/\/combonianilimone.it\/#organization"},"image":{"@id":"https:\/\/combonianilimone.it\/?p=1279#primaryimage"},"thumbnailUrl":"https:\/\/combonianilimone.it\/wp-content\/uploads\/2023\/12\/Avvento-1.jpg","articleSection":["attualit\u00e0"],"inLanguage":"it-IT","potentialAction":[{"@type":"CommentAction","name":"Comment","target":["https:\/\/combonianilimone.it\/?p=1279#respond"]}]},{"@type":"WebPage","@id":"https:\/\/combonianilimone.it\/?p=1279","url":"https:\/\/combonianilimone.it\/?p=1279","name":"La grazia di vivere da svegli - Comboniani Limone sul Garda","isPartOf":{"@id":"https:\/\/combonianilimone.it\/#website"},"primaryImageOfPage":{"@id":"https:\/\/combonianilimone.it\/?p=1279#primaryimage"},"image":{"@id":"https:\/\/combonianilimone.it\/?p=1279#primaryimage"},"thumbnailUrl":"https:\/\/combonianilimone.it\/wp-content\/uploads\/2023\/12\/Avvento-1.jpg","datePublished":"2023-12-02T14:23:31+00:00","dateModified":"2023-12-02T14:23:31+00:00","breadcrumb":{"@id":"https:\/\/combonianilimone.it\/?p=1279#breadcrumb"},"inLanguage":"it-IT","potentialAction":[{"@type":"ReadAction","target":["https:\/\/combonianilimone.it\/?p=1279"]}]},{"@type":"ImageObject","inLanguage":"it-IT","@id":"https:\/\/combonianilimone.it\/?p=1279#primaryimage","url":"https:\/\/combonianilimone.it\/wp-content\/uploads\/2023\/12\/Avvento-1.jpg","contentUrl":"https:\/\/combonianilimone.it\/wp-content\/uploads\/2023\/12\/Avvento-1.jpg","width":1600,"height":1200},{"@type":"BreadcrumbList","@id":"https:\/\/combonianilimone.it\/?p=1279#breadcrumb","itemListElement":[{"@type":"ListItem","position":1,"name":"Home","item":"https:\/\/combonianilimone.it\/"},{"@type":"ListItem","position":2,"name":"La grazia di vivere da svegli"}]},{"@type":"WebSite","@id":"https:\/\/combonianilimone.it\/#website","url":"https:\/\/combonianilimone.it\/","name":"Comboniani Limone sul Garda","description":"Casa Natale di San Daniele Comboni","publisher":{"@id":"https:\/\/combonianilimone.it\/#organization"},"potentialAction":[{"@type":"SearchAction","target":{"@type":"EntryPoint","urlTemplate":"https:\/\/combonianilimone.it\/?s={search_term_string}"},"query-input":"required name=search_term_string"}],"inLanguage":"it-IT"},{"@type":"Organization","@id":"https:\/\/combonianilimone.it\/#organization","name":"Missionari Comboniani Limone","url":"https:\/\/combonianilimone.it\/","logo":{"@type":"ImageObject","inLanguage":"it-IT","@id":"https:\/\/combonianilimone.it\/#\/schema\/logo\/image\/","url":"https:\/\/combonianilimone.it\/wp-content\/uploads\/2020\/12\/cropped-logo-LImone-2.png","contentUrl":"https:\/\/combonianilimone.it\/wp-content\/uploads\/2020\/12\/cropped-logo-LImone-2.png","width":512,"height":512,"caption":"Missionari Comboniani Limone"},"image":{"@id":"https:\/\/combonianilimone.it\/#\/schema\/logo\/image\/"},"sameAs":["https:\/\/www.facebook.com\/Missionari-Comboniani-Limone-sul-Garda-106606688030170\/"]},{"@type":"Person","@id":"https:\/\/combonianilimone.it\/#\/schema\/person\/d89eb5936e9953ecd0256775a9f52dcf","name":"vincenzo","image":{"@type":"ImageObject","inLanguage":"it-IT","@id":"https:\/\/combonianilimone.it\/#\/schema\/person\/image\/","url":"https:\/\/secure.gravatar.com\/avatar\/5cd1d9850ee512b5ebdc4dc6a9c60397c80a1e26a2cd617be7a41fce656a6eb8?s=96&d=mm&r=g","contentUrl":"https:\/\/secure.gravatar.com\/avatar\/5cd1d9850ee512b5ebdc4dc6a9c60397c80a1e26a2cd617be7a41fce656a6eb8?s=96&d=mm&r=g","caption":"vincenzo"},"url":"https:\/\/combonianilimone.it\/?author=5"}]}},"_links":{"self":[{"href":"https:\/\/combonianilimone.it\/index.php?rest_route=\/wp\/v2\/posts\/1279","targetHints":{"allow":["GET"]}}],"collection":[{"href":"https:\/\/combonianilimone.it\/index.php?rest_route=\/wp\/v2\/posts"}],"about":[{"href":"https:\/\/combonianilimone.it\/index.php?rest_route=\/wp\/v2\/types\/post"}],"author":[{"embeddable":true,"href":"https:\/\/combonianilimone.it\/index.php?rest_route=\/wp\/v2\/users\/5"}],"replies":[{"embeddable":true,"href":"https:\/\/combonianilimone.it\/index.php?rest_route=%2Fwp%2Fv2%2Fcomments&post=1279"}],"version-history":[{"count":1,"href":"https:\/\/combonianilimone.it\/index.php?rest_route=\/wp\/v2\/posts\/1279\/revisions"}],"predecessor-version":[{"id":1281,"href":"https:\/\/combonianilimone.it\/index.php?rest_route=\/wp\/v2\/posts\/1279\/revisions\/1281"}],"wp:featuredmedia":[{"embeddable":true,"href":"https:\/\/combonianilimone.it\/index.php?rest_route=\/wp\/v2\/media\/1280"}],"wp:attachment":[{"href":"https:\/\/combonianilimone.it\/index.php?rest_route=%2Fwp%2Fv2%2Fmedia&parent=1279"}],"wp:term":[{"taxonomy":"category","embeddable":true,"href":"https:\/\/combonianilimone.it\/index.php?rest_route=%2Fwp%2Fv2%2Fcategories&post=1279"},{"taxonomy":"post_tag","embeddable":true,"href":"https:\/\/combonianilimone.it\/index.php?rest_route=%2Fwp%2Fv2%2Ftags&post=1279"}],"curies":[{"name":"wp","href":"https:\/\/api.w.org\/{rel}","templated":true}]}}